{"id":27756,"date":"2024-06-10T14:52:45","date_gmt":"2024-06-10T18:52:45","guid":{"rendered":"https:\/\/www.apolinav.cl\/?p=27756"},"modified":"2024-06-10T14:53:50","modified_gmt":"2024-06-10T18:53:50","slug":"jornada-de-intercambio-de-experiencias-de-academias-politecnicas-en-apolinav","status":"publish","type":"post","link":"https:\/\/www.apolinav.cl\/index.php\/jornada-de-intercambio-de-experiencias-de-academias-politecnicas-en-apolinav\/","title":{"rendered":"JORNADA DE INTERCAMBIO DE EXPERIENCIAS DE ACADEMIAS POLIT\u00c9CNICAS EN APOLINAV"},"content":{"rendered":"<p style=\"text-align: left;\">Vi\u00f1a del Mar. El mi\u00e9rcoles 05 de junio, el Director de la Academia Polit\u00e9cnica Naval (A.P.N.), Capit\u00e1n de Nav\u00edo Gonzalo Beltr\u00e1n, acompa\u00f1ado por el Jefe la Subdirecci\u00f3n Acad\u00e9mica, Capit\u00e1n de Nav\u00edo Hans Fritz y por el Decano CN(R) Luis Moraga, recibieron a los Directores de la Academia Polit\u00e9cnica Militar y Academia Polit\u00e9cnica Aeron\u00e1utica, Coronel Alex Hellman y Coronel de Aviaci\u00f3n (I) Julio Ojeda respectivamente, junto con sus respectivas comitivas, para una jornada de conocimiento mutuo, intercambio de experiencias y sentar las bases de trabajo colaborativo futuro. Luego del saludo de bienvenida a las comitivas, se dio inicio a una jornada de presentaciones en el Sal\u00f3n Hyatt de la Academia. Primero se enfoc\u00f3 en los procesos educativos para la formaci\u00f3n de especialistas, dictada por el Jefe del Departamento de Gesti\u00f3n Educacional, Capit\u00e1n de Fragata Rodrigo Fica. Posteriormente, siguieron conversatorios sobre el aseguramiento de la calidad en la educaci\u00f3n, la vinculaci\u00f3n con el medio y en los modelos de investigaci\u00f3n e innovaci\u00f3n.<\/p>\n<p style=\"text-align: left;\">Durante este enriquecedor encuentro, se compartieron experiencias y se debati\u00f3 perspectivas de futuro, buscando mejorar la calidad educativa y fortalecer los lazos interinstitucionales, intercambiando las buenas pr\u00e1cticas dentro de sus respectivos \u00e1mbitos de trabajo. Posteriormente, las comitivas procedieron a efectuar un recorrido por las dependencias de la Academia. En este tr\u00e1nsito, se visit\u00f3 tambi\u00e9n el Centro de Innovaci\u00f3n Tecnol\u00f3gica de la<br \/>\nArmada (C.I.T.A.) y las dependencias de formaci\u00f3n en el Campus Charles.<\/p>\n<p style=\"text-align: left;\">El objetivo principal de esta visita, organizada por la Academia Polit\u00e9cnica Naval, fue acercar los procesos educativos y de formaci\u00f3n de las tres Instituciones pertenecientes a las Fuerzas Armadas, con miras a potenciar la colaboraci\u00f3n y el crecimiento mutuo en el \u00e1mbito acad\u00e9mico, de innovaci\u00f3n y vinculaci\u00f3n con el medio.<\/p>\n<p>&nbsp;<\/p>\n\n\t\t<style type=\"text\/css\">\n\t\t\t#gallery-1 {\n\t\t\t\tmargin: auto;\n\t\t\t}\n\t\t\t#gallery-1 .gallery-item {\n\t\t\t\tfloat: left;\n\t\t\t\tmargin-top: 10px;\n\t\t\t\ttext-align: center;\n\t\t\t\twidth: 33%;\n\t\t\t}\n\t\t\t#gallery-1 img {\n\t\t\t\tborder: 2px solid #cfcfcf;\n\t\t\t}\n\t\t\t#gallery-1 .gallery-caption {\n\t\t\t\tmargin-left: 0;\n\t\t\t}\n\t\t\t\/* see gallery_shortcode() in wp-includes\/media.php *\/\n\t\t<\/style>\n\t\t<div id='gallery-1' class='gallery galleryid-27756 gallery-columns-3 gallery-size-thumbnail'><dl class='gallery-item'>\n\t\t\t<dt class='gallery-icon landscape'>\n\t\t\t\t<a href='https:\/\/www.apolinav.cl\/index.php\/jornada-de-intercambio-de-experiencias-de-academias-politecnicas-en-apolinav\/dsc_1224\/'><img loading=\"lazy\" decoding=\"async\" width=\"150\" height=\"150\" src=\"https:\/\/www.apolinav.cl\/wp-content\/uploads\/2024\/06\/DSC_1224-150x150.jpg\" class=\"attachment-thumbnail size-thumbnail\" alt=\"\" srcset=\"https:\/\/www.apolinav.cl\/wp-content\/uploads\/2024\/06\/DSC_1224-150x150.jpg 150w, https:\/\/www.apolinav.cl\/wp-content\/uploads\/2024\/06\/DSC_1224-300x300.jpg 300w, https:\/\/www.apolinav.cl\/wp-content\/uploads\/2024\/06\/DSC_1224-1024x1024.jpg 1024w, https:\/\/www.apolinav.cl\/wp-content\/uploads\/2024\/06\/DSC_1224-1536x1536.jpg 1536w, https:\/\/www.apolinav.cl\/wp-content\/uploads\/2024\/06\/DSC_1224-2048x2048.jpg 2048w\" sizes=\"auto, (max-width: 150px) 100vw, 150px\" \/><\/a>\n\t\t\t<\/dt><\/dl><dl class='gallery-item'>\n\t\t\t<dt class='gallery-icon landscape'>\n\t\t\t\t<a href='https:\/\/www.apolinav.cl\/index.php\/jornada-de-intercambio-de-experiencias-de-academias-politecnicas-en-apolinav\/dsc_1216\/'><img loading=\"lazy\" decoding=\"async\" width=\"150\" height=\"150\" src=\"https:\/\/www.apolinav.cl\/wp-content\/uploads\/2024\/06\/DSC_1216-150x150.jpg\" class=\"attachment-thumbnail size-thumbnail\" alt=\"\" srcset=\"https:\/\/www.apolinav.cl\/wp-content\/uploads\/2024\/06\/DSC_1216-150x150.jpg 150w, https:\/\/www.apolinav.cl\/wp-content\/uploads\/2024\/06\/DSC_1216-300x300.jpg 300w, https:\/\/www.apolinav.cl\/wp-content\/uploads\/2024\/06\/DSC_1216-1024x1024.jpg 1024w, https:\/\/www.apolinav.cl\/wp-content\/uploads\/2024\/06\/DSC_1216-1536x1536.jpg 1536w, https:\/\/www.apolinav.cl\/wp-content\/uploads\/2024\/06\/DSC_1216-2048x2048.jpg 2048w\" sizes=\"auto, (max-width: 150px) 100vw, 150px\" \/><\/a>\n\t\t\t<\/dt><\/dl><dl class='gallery-item'>\n\t\t\t<dt class='gallery-icon landscape'>\n\t\t\t\t<a href='https:\/\/www.apolinav.cl\/index.php\/jornada-de-intercambio-de-experiencias-de-academias-politecnicas-en-apolinav\/dsc_1213\/'><img loading=\"lazy\" decoding=\"async\" width=\"150\" height=\"150\" src=\"https:\/\/www.apolinav.cl\/wp-content\/uploads\/2024\/06\/DSC_1213-150x150.jpg\" class=\"attachment-thumbnail size-thumbnail\" alt=\"\" srcset=\"https:\/\/www.apolinav.cl\/wp-content\/uploads\/2024\/06\/DSC_1213-150x150.jpg 150w, https:\/\/www.apolinav.cl\/wp-content\/uploads\/2024\/06\/DSC_1213-300x300.jpg 300w, https:\/\/www.apolinav.cl\/wp-content\/uploads\/2024\/06\/DSC_1213-1024x1024.jpg 1024w, https:\/\/www.apolinav.cl\/wp-content\/uploads\/2024\/06\/DSC_1213-1536x1536.jpg 1536w, https:\/\/www.apolinav.cl\/wp-content\/uploads\/2024\/06\/DSC_1213-2048x2048.jpg 2048w\" sizes=\"auto, (max-width: 150px) 100vw, 150px\" \/><\/a>\n\t\t\t<\/dt><\/dl><br style=\"clear: both\" \/><dl class='gallery-item'>\n\t\t\t<dt class='gallery-icon landscape'>\n\t\t\t\t<a href='https:\/\/www.apolinav.cl\/index.php\/jornada-de-intercambio-de-experiencias-de-academias-politecnicas-en-apolinav\/dsc_1203\/'><img loading=\"lazy\" decoding=\"async\" width=\"150\" height=\"150\" src=\"https:\/\/www.apolinav.cl\/wp-content\/uploads\/2024\/06\/DSC_1203-150x150.jpg\" class=\"attachment-thumbnail size-thumbnail\" alt=\"\" srcset=\"https:\/\/www.apolinav.cl\/wp-content\/uploads\/2024\/06\/DSC_1203-150x150.jpg 150w, https:\/\/www.apolinav.cl\/wp-content\/uploads\/2024\/06\/DSC_1203-300x300.jpg 300w, https:\/\/www.apolinav.cl\/wp-content\/uploads\/2024\/06\/DSC_1203-1024x1024.jpg 1024w, https:\/\/www.apolinav.cl\/wp-content\/uploads\/2024\/06\/DSC_1203-1536x1536.jpg 1536w, https:\/\/www.apolinav.cl\/wp-content\/uploads\/2024\/06\/DSC_1203-2048x2048.jpg 2048w\" sizes=\"auto, (max-width: 150px) 100vw, 150px\" \/><\/a>\n\t\t\t<\/dt><\/dl><dl class='gallery-item'>\n\t\t\t<dt class='gallery-icon landscape'>\n\t\t\t\t<a href='https:\/\/www.apolinav.cl\/index.php\/jornada-de-intercambio-de-experiencias-de-academias-politecnicas-en-apolinav\/dsc_1173\/'><img loading=\"lazy\" decoding=\"async\" width=\"150\" height=\"150\" src=\"https:\/\/www.apolinav.cl\/wp-content\/uploads\/2024\/06\/DSC_1173-150x150.jpg\" class=\"attachment-thumbnail size-thumbnail\" alt=\"\" srcset=\"https:\/\/www.apolinav.cl\/wp-content\/uploads\/2024\/06\/DSC_1173-150x150.jpg 150w, https:\/\/www.apolinav.cl\/wp-content\/uploads\/2024\/06\/DSC_1173-300x300.jpg 300w, https:\/\/www.apolinav.cl\/wp-content\/uploads\/2024\/06\/DSC_1173-1024x1024.jpg 1024w, https:\/\/www.apolinav.cl\/wp-content\/uploads\/2024\/06\/DSC_1173-1536x1536.jpg 1536w, https:\/\/www.apolinav.cl\/wp-content\/uploads\/2024\/06\/DSC_1173-2048x2048.jpg 2048w\" sizes=\"auto, (max-width: 150px) 100vw, 150px\" \/><\/a>\n\t\t\t<\/dt><\/dl><dl class='gallery-item'>\n\t\t\t<dt class='gallery-icon landscape'>\n\t\t\t\t<a href='https:\/\/www.apolinav.cl\/index.php\/jornada-de-intercambio-de-experiencias-de-academias-politecnicas-en-apolinav\/dsc_1163\/'><img loading=\"lazy\" decoding=\"async\" width=\"150\" height=\"150\" src=\"https:\/\/www.apolinav.cl\/wp-content\/uploads\/2024\/06\/DSC_1163-150x150.jpg\" class=\"attachment-thumbnail size-thumbnail\" alt=\"\" srcset=\"https:\/\/www.apolinav.cl\/wp-content\/uploads\/2024\/06\/DSC_1163-150x150.jpg 150w, https:\/\/www.apolinav.cl\/wp-content\/uploads\/2024\/06\/DSC_1163-300x300.jpg 300w, https:\/\/www.apolinav.cl\/wp-content\/uploads\/2024\/06\/DSC_1163-1024x1024.jpg 1024w, https:\/\/www.apolinav.cl\/wp-content\/uploads\/2024\/06\/DSC_1163-1536x1536.jpg 1536w, https:\/\/www.apolinav.cl\/wp-content\/uploads\/2024\/06\/DSC_1163-2048x2048.jpg 2048w\" sizes=\"auto, (max-width: 150px) 100vw, 150px\" \/><\/a>\n\t\t\t<\/dt><\/dl><br style=\"clear: both\" \/><dl class='gallery-item'>\n\t\t\t<dt class='gallery-icon landscape'>\n\t\t\t\t<a href='https:\/\/www.apolinav.cl\/index.php\/jornada-de-intercambio-de-experiencias-de-academias-politecnicas-en-apolinav\/dsc_1144\/'><img loading=\"lazy\" decoding=\"async\" width=\"150\" height=\"150\" src=\"https:\/\/www.apolinav.cl\/wp-content\/uploads\/2024\/06\/DSC_1144-150x150.jpg\" class=\"attachment-thumbnail size-thumbnail\" alt=\"\" srcset=\"https:\/\/www.apolinav.cl\/wp-content\/uploads\/2024\/06\/DSC_1144-150x150.jpg 150w, https:\/\/www.apolinav.cl\/wp-content\/uploads\/2024\/06\/DSC_1144-300x300.jpg 300w, https:\/\/www.apolinav.cl\/wp-content\/uploads\/2024\/06\/DSC_1144-1024x1024.jpg 1024w, https:\/\/www.apolinav.cl\/wp-content\/uploads\/2024\/06\/DSC_1144-1536x1536.jpg 1536w, https:\/\/www.apolinav.cl\/wp-content\/uploads\/2024\/06\/DSC_1144-2048x2048.jpg 2048w\" sizes=\"auto, (max-width: 150px) 100vw, 150px\" \/><\/a>\n\t\t\t<\/dt><\/dl><dl class='gallery-item'>\n\t\t\t<dt class='gallery-icon landscape'>\n\t\t\t\t<a href='https:\/\/www.apolinav.cl\/index.php\/jornada-de-intercambio-de-experiencias-de-academias-politecnicas-en-apolinav\/dsc_1135\/'><img loading=\"lazy\" decoding=\"async\" width=\"150\" height=\"150\" src=\"https:\/\/www.apolinav.cl\/wp-content\/uploads\/2024\/06\/DSC_1135-150x150.jpg\" class=\"attachment-thumbnail size-thumbnail\" alt=\"\" srcset=\"https:\/\/www.apolinav.cl\/wp-content\/uploads\/2024\/06\/DSC_1135-150x150.jpg 150w, https:\/\/www.apolinav.cl\/wp-content\/uploads\/2024\/06\/DSC_1135-300x300.jpg 300w, https:\/\/www.apolinav.cl\/wp-content\/uploads\/2024\/06\/DSC_1135-1024x1024.jpg 1024w, https:\/\/www.apolinav.cl\/wp-content\/uploads\/2024\/06\/DSC_1135-1536x1536.jpg 1536w, https:\/\/www.apolinav.cl\/wp-content\/uploads\/2024\/06\/DSC_1135-2048x2048.jpg 2048w\" sizes=\"auto, (max-width: 150px) 100vw, 150px\" \/><\/a>\n\t\t\t<\/dt><\/dl>\n\t\t\t<br style='clear: both' \/>\n\t\t<\/div>\n\n","protected":false},"excerpt":{"rendered":"<p>Vi\u00f1a del Mar. El mi\u00e9rcoles 05 de junio, el Director de la Academia Polit\u00e9cnica Naval (A.P.N.), Capit\u00e1n de Nav\u00edo Gonzalo Beltr\u00e1n, acompa\u00f1ado por el Jefe la Subdirecci\u00f3n Acad\u00e9mica, Capit\u00e1n de Nav\u00edo Hans Fritz y por el Decano CN(R) Luis Moraga, recibieron a los Directores de la Academia Polit\u00e9cnica Militar y Academia Polit\u00e9cnica Aeron\u00e1utica, Coronel Alex [&hellip;]<\/p>\n","protected":false},"author":3,"featured_media":27764,"comment_status":"open","ping_status":"open","sticky":false,"template":"","format":"standard","meta":{"footnotes":""},"categories":[39],"tags":[],"class_list":["post-27756","post","type-post","status-publish","format-standard","has-post-thumbnail","hentry","category-noticias"],"_links":{"self":[{"href":"https:\/\/www.apolinav.cl\/index.php\/wp-json\/wp\/v2\/posts\/27756","targetHints":{"allow":["GET"]}}],"collection":[{"href":"https:\/\/www.apolinav.cl\/index.php\/wp-json\/wp\/v2\/posts"}],"about":[{"href":"https:\/\/www.apolinav.cl\/index.php\/wp-json\/wp\/v2\/types\/post"}],"author":[{"embeddable":true,"href":"https:\/\/www.apolinav.cl\/index.php\/wp-json\/wp\/v2\/users\/3"}],"replies":[{"embeddable":true,"href":"https:\/\/www.apolinav.cl\/index.php\/wp-json\/wp\/v2\/comments?post=27756"}],"version-history":[{"count":3,"href":"https:\/\/www.apolinav.cl\/index.php\/wp-json\/wp\/v2\/posts\/27756\/revisions"}],"predecessor-version":[{"id":27767,"href":"https:\/\/www.apolinav.cl\/index.php\/wp-json\/wp\/v2\/posts\/27756\/revisions\/27767"}],"wp:featuredmedia":[{"embeddable":true,"href":"https:\/\/www.apolinav.cl\/index.php\/wp-json\/wp\/v2\/media\/27764"}],"wp:attachment":[{"href":"https:\/\/www.apolinav.cl\/index.php\/wp-json\/wp\/v2\/media?parent=27756"}],"wp:term":[{"taxonomy":"category","embeddable":true,"href":"https:\/\/www.apolinav.cl\/index.php\/wp-json\/wp\/v2\/categories?post=27756"},{"taxonomy":"post_tag","embeddable":true,"href":"https:\/\/www.apolinav.cl\/index.php\/wp-json\/wp\/v2\/tags?post=27756"}],"curies":[{"name":"wp","href":"https:\/\/api.w.org\/{rel}","templated":true}]}}