{"id":27074,"date":"2024-01-31T10:17:47","date_gmt":"2024-01-31T13:17:47","guid":{"rendered":"https:\/\/www.apolinav.cl\/?p=27074"},"modified":"2024-01-31T10:32:29","modified_gmt":"2024-01-31T13:32:29","slug":"academia-politecnica-naval-recibe-a-los-alumnos-ano-2024","status":"publish","type":"post","link":"https:\/\/www.apolinav.cl\/index.php\/academia-politecnica-naval-recibe-a-los-alumnos-ano-2024\/","title":{"rendered":"ACADEMIA POLIT\u00c9CNICA NAVAL RECIBE A LOS ALUMNOS A\u00d1O 2024."},"content":{"rendered":"<p style=\"text-align: left;\"><span id=\"speechify-first-word-listening-nudge-root-9\" style=\"position: absolute; z-index: 10000;\"><\/span><span id=\"speechify-first-word-listening-nudge-9\"><span id=\"speechify-first-word-listening-nudge-root-9\" style=\"position: absolute; z-index: 10000;\"><\/span><span id=\"speechify-first-word-listening-nudge-9\"><span id=\"speechify-first-word-listening-nudge-root-9\" style=\"position: absolute; z-index: 10000;\"><\/span><span id=\"speechify-first-word-listening-nudge-9\"><span id=\"speechify-first-word-listening-nudge-root-9\" style=\"position: absolute; z-index: 10000;\"><\/span><span id=\"speechify-first-word-listening-nudge-9\">Vi\u00f1a del Mar.<\/span><\/span><\/span><\/span> Cumpliendo con el proceso de transbordo desde la Escuela de<br \/>\nGrumetes \u201cAlejandro Navarrete Cisternas\u201d, el jueves 25 de enero en los patios de formaci\u00f3n de la<br \/>\nAcademia Polit\u00e9cnica Naval, se presentaron los nuevos Grumetes Navales a la Academia Polit\u00e9cnica<br \/>\nNaval. De igual forma lo hicieron los oficiales, quienes, provenientes desde distintas reparticiones y<br \/>\nunidades, se integran para completar sus estudios superiores.<br \/>\nEn el Campus Hyatt encabez\u00f3 la formaci\u00f3n el Subdirector Acad\u00e9mico, Capit\u00e1n de Nav\u00edo Hans Fritz,<br \/>\nacompa\u00f1ado por el Condestable Mayor, Suboficial Mayor Alberto Mart\u00ednez, junto con los Jefes de las<br \/>\nEscuelas de Ingenier\u00eda, Operaciones, Armamentos, Buceo y Sanidad.<br \/>\nMientras tanto, en el Campus Jaime Charles lo hizo el Jefe de Campus, junto a los Jefes de las<br \/>\nEscuelas de Infanter\u00eda de Marina, Abastecimientos y Servicios y Litoral y Faros.<br \/>\nUna vez recibidos por sus respectivos instructores, se realiz\u00f3 una formaci\u00f3n general en el patio principal<br \/>\ndel campus Hyatt, donde el Director de la A.P.N., Capit\u00e1n de Nav\u00edo Gonzalo Beltr\u00e1n, se dirigi\u00f3 a los<br \/>\nreci\u00e9n llegados, d\u00e1ndoles la bienvenida a la Academia.<br \/>\nJunto a sus Instructores y alumnos m\u00e1s antiguos, los reci\u00e9n transbordados pudieron conocer la<br \/>\ninfraestructura que posee la Academia para su formaci\u00f3n intelectual, moral y f\u00edsico-militar, constituida<br \/>\npor salas de clases, laboratorios equipados e instalaciones deportivas.<\/p>\n\n\t\t<style type=\"text\/css\">\n\t\t\t#gallery-1 {\n\t\t\t\tmargin: auto;\n\t\t\t}\n\t\t\t#gallery-1 .gallery-item {\n\t\t\t\tfloat: left;\n\t\t\t\tmargin-top: 10px;\n\t\t\t\ttext-align: center;\n\t\t\t\twidth: 33%;\n\t\t\t}\n\t\t\t#gallery-1 img {\n\t\t\t\tborder: 2px solid #cfcfcf;\n\t\t\t}\n\t\t\t#gallery-1 .gallery-caption {\n\t\t\t\tmargin-left: 0;\n\t\t\t}\n\t\t\t\/* see gallery_shortcode() in wp-includes\/media.php *\/\n\t\t<\/style>\n\t\t<div id='gallery-1' class='gallery galleryid-27074 gallery-columns-3 gallery-size-medium'><dl class='gallery-item'>\n\t\t\t<dt class='gallery-icon landscape'>\n\t\t\t\t<a href='https:\/\/www.apolinav.cl\/index.php\/academia-politecnica-naval-recibe-a-los-alumnos-ano-2024\/dsc_2225-1\/'><img loading=\"lazy\" decoding=\"async\" width=\"300\" height=\"300\" src=\"https:\/\/www.apolinav.cl\/wp-content\/uploads\/2024\/01\/DSC_2225-1-300x300.jpg\" class=\"attachment-medium size-medium\" alt=\"\" srcset=\"https:\/\/www.apolinav.cl\/wp-content\/uploads\/2024\/01\/DSC_2225-1-300x300.jpg 300w, https:\/\/www.apolinav.cl\/wp-content\/uploads\/2024\/01\/DSC_2225-1-1024x1024.jpg 1024w, https:\/\/www.apolinav.cl\/wp-content\/uploads\/2024\/01\/DSC_2225-1-150x150.jpg 150w, https:\/\/www.apolinav.cl\/wp-content\/uploads\/2024\/01\/DSC_2225-1-1536x1536.jpg 1536w, https:\/\/www.apolinav.cl\/wp-content\/uploads\/2024\/01\/DSC_2225-1-2048x2048.jpg 2048w\" sizes=\"auto, (max-width: 300px) 100vw, 300px\" \/><\/a>\n\t\t\t<\/dt><\/dl><dl class='gallery-item'>\n\t\t\t<dt class='gallery-icon landscape'>\n\t\t\t\t<a href='https:\/\/www.apolinav.cl\/index.php\/academia-politecnica-naval-recibe-a-los-alumnos-ano-2024\/dsc_2239\/'><img loading=\"lazy\" decoding=\"async\" width=\"300\" height=\"300\" src=\"https:\/\/www.apolinav.cl\/wp-content\/uploads\/2024\/01\/DSC_2239-300x300.jpg\" class=\"attachment-medium size-medium\" alt=\"\" srcset=\"https:\/\/www.apolinav.cl\/wp-content\/uploads\/2024\/01\/DSC_2239-300x300.jpg 300w, https:\/\/www.apolinav.cl\/wp-content\/uploads\/2024\/01\/DSC_2239-1024x1024.jpg 1024w, https:\/\/www.apolinav.cl\/wp-content\/uploads\/2024\/01\/DSC_2239-150x150.jpg 150w, https:\/\/www.apolinav.cl\/wp-content\/uploads\/2024\/01\/DSC_2239-1536x1536.jpg 1536w, https:\/\/www.apolinav.cl\/wp-content\/uploads\/2024\/01\/DSC_2239-2048x2048.jpg 2048w\" sizes=\"auto, (max-width: 300px) 100vw, 300px\" \/><\/a>\n\t\t\t<\/dt><\/dl><dl class='gallery-item'>\n\t\t\t<dt class='gallery-icon landscape'>\n\t\t\t\t<a href='https:\/\/www.apolinav.cl\/index.php\/academia-politecnica-naval-recibe-a-los-alumnos-ano-2024\/dsc_2253\/'><img loading=\"lazy\" decoding=\"async\" width=\"300\" height=\"300\" src=\"https:\/\/www.apolinav.cl\/wp-content\/uploads\/2024\/01\/DSC_2253-300x300.jpg\" class=\"attachment-medium size-medium\" alt=\"\" srcset=\"https:\/\/www.apolinav.cl\/wp-content\/uploads\/2024\/01\/DSC_2253-300x300.jpg 300w, https:\/\/www.apolinav.cl\/wp-content\/uploads\/2024\/01\/DSC_2253-1024x1024.jpg 1024w, https:\/\/www.apolinav.cl\/wp-content\/uploads\/2024\/01\/DSC_2253-150x150.jpg 150w, https:\/\/www.apolinav.cl\/wp-content\/uploads\/2024\/01\/DSC_2253-1536x1536.jpg 1536w, https:\/\/www.apolinav.cl\/wp-content\/uploads\/2024\/01\/DSC_2253-2048x2048.jpg 2048w\" sizes=\"auto, (max-width: 300px) 100vw, 300px\" \/><\/a>\n\t\t\t<\/dt><\/dl><br style=\"clear: both\" \/><dl class='gallery-item'>\n\t\t\t<dt class='gallery-icon landscape'>\n\t\t\t\t<a href='https:\/\/www.apolinav.cl\/index.php\/academia-politecnica-naval-recibe-a-los-alumnos-ano-2024\/dsc_2260\/'><img loading=\"lazy\" decoding=\"async\" width=\"300\" height=\"300\" src=\"https:\/\/www.apolinav.cl\/wp-content\/uploads\/2024\/01\/DSC_2260-300x300.jpg\" class=\"attachment-medium size-medium\" alt=\"\" srcset=\"https:\/\/www.apolinav.cl\/wp-content\/uploads\/2024\/01\/DSC_2260-300x300.jpg 300w, https:\/\/www.apolinav.cl\/wp-content\/uploads\/2024\/01\/DSC_2260-1024x1024.jpg 1024w, https:\/\/www.apolinav.cl\/wp-content\/uploads\/2024\/01\/DSC_2260-150x150.jpg 150w, https:\/\/www.apolinav.cl\/wp-content\/uploads\/2024\/01\/DSC_2260-1536x1536.jpg 1536w, https:\/\/www.apolinav.cl\/wp-content\/uploads\/2024\/01\/DSC_2260-2048x2048.jpg 2048w\" sizes=\"auto, (max-width: 300px) 100vw, 300px\" \/><\/a>\n\t\t\t<\/dt><\/dl><dl class='gallery-item'>\n\t\t\t<dt class='gallery-icon landscape'>\n\t\t\t\t<a href='https:\/\/www.apolinav.cl\/index.php\/academia-politecnica-naval-recibe-a-los-alumnos-ano-2024\/dsc_2264\/'><img loading=\"lazy\" decoding=\"async\" width=\"300\" height=\"300\" src=\"https:\/\/www.apolinav.cl\/wp-content\/uploads\/2024\/01\/DSC_2264-300x300.jpg\" class=\"attachment-medium size-medium\" alt=\"\" srcset=\"https:\/\/www.apolinav.cl\/wp-content\/uploads\/2024\/01\/DSC_2264-300x300.jpg 300w, https:\/\/www.apolinav.cl\/wp-content\/uploads\/2024\/01\/DSC_2264-1024x1024.jpg 1024w, https:\/\/www.apolinav.cl\/wp-content\/uploads\/2024\/01\/DSC_2264-150x150.jpg 150w, https:\/\/www.apolinav.cl\/wp-content\/uploads\/2024\/01\/DSC_2264-1536x1536.jpg 1536w, https:\/\/www.apolinav.cl\/wp-content\/uploads\/2024\/01\/DSC_2264-2048x2048.jpg 2048w\" sizes=\"auto, (max-width: 300px) 100vw, 300px\" \/><\/a>\n\t\t\t<\/dt><\/dl><dl class='gallery-item'>\n\t\t\t<dt class='gallery-icon landscape'>\n\t\t\t\t<a href='https:\/\/www.apolinav.cl\/index.php\/academia-politecnica-naval-recibe-a-los-alumnos-ano-2024\/dsc_2358\/'><img loading=\"lazy\" decoding=\"async\" width=\"300\" height=\"300\" src=\"https:\/\/www.apolinav.cl\/wp-content\/uploads\/2024\/01\/DSC_2358-300x300.jpg\" class=\"attachment-medium size-medium\" alt=\"\" srcset=\"https:\/\/www.apolinav.cl\/wp-content\/uploads\/2024\/01\/DSC_2358-300x300.jpg 300w, https:\/\/www.apolinav.cl\/wp-content\/uploads\/2024\/01\/DSC_2358-1024x1024.jpg 1024w, https:\/\/www.apolinav.cl\/wp-content\/uploads\/2024\/01\/DSC_2358-150x150.jpg 150w, https:\/\/www.apolinav.cl\/wp-content\/uploads\/2024\/01\/DSC_2358-1536x1536.jpg 1536w, https:\/\/www.apolinav.cl\/wp-content\/uploads\/2024\/01\/DSC_2358-2048x2048.jpg 2048w\" sizes=\"auto, (max-width: 300px) 100vw, 300px\" \/><\/a>\n\t\t\t<\/dt><\/dl><br style=\"clear: both\" \/>\n\t\t<\/div>\n\n","protected":false},"excerpt":{"rendered":"<p>Vi\u00f1a del Mar. Cumpliendo con el proceso de transbordo desde la Escuela de Grumetes \u201cAlejandro Navarrete Cisternas\u201d, el jueves 25 de enero en los patios de formaci\u00f3n de la Academia Polit\u00e9cnica Naval, se presentaron los nuevos Grumetes Navales a la Academia Polit\u00e9cnica Naval. De igual forma lo hicieron los oficiales, quienes, provenientes desde distintas reparticiones [&hellip;]<\/p>\n","protected":false},"author":3,"featured_media":27077,"comment_status":"open","ping_status":"open","sticky":false,"template":"","format":"standard","meta":{"footnotes":""},"categories":[39],"tags":[],"class_list":["post-27074","post","type-post","status-publish","format-standard","has-post-thumbnail","hentry","category-noticias"],"_links":{"self":[{"href":"https:\/\/www.apolinav.cl\/index.php\/wp-json\/wp\/v2\/posts\/27074","targetHints":{"allow":["GET"]}}],"collection":[{"href":"https:\/\/www.apolinav.cl\/index.php\/wp-json\/wp\/v2\/posts"}],"about":[{"href":"https:\/\/www.apolinav.cl\/index.php\/wp-json\/wp\/v2\/types\/post"}],"author":[{"embeddable":true,"href":"https:\/\/www.apolinav.cl\/index.php\/wp-json\/wp\/v2\/users\/3"}],"replies":[{"embeddable":true,"href":"https:\/\/www.apolinav.cl\/index.php\/wp-json\/wp\/v2\/comments?post=27074"}],"version-history":[{"count":4,"href":"https:\/\/www.apolinav.cl\/index.php\/wp-json\/wp\/v2\/posts\/27074\/revisions"}],"predecessor-version":[{"id":27093,"href":"https:\/\/www.apolinav.cl\/index.php\/wp-json\/wp\/v2\/posts\/27074\/revisions\/27093"}],"wp:featuredmedia":[{"embeddable":true,"href":"https:\/\/www.apolinav.cl\/index.php\/wp-json\/wp\/v2\/media\/27077"}],"wp:attachment":[{"href":"https:\/\/www.apolinav.cl\/index.php\/wp-json\/wp\/v2\/media?parent=27074"}],"wp:term":[{"taxonomy":"category","embeddable":true,"href":"https:\/\/www.apolinav.cl\/index.php\/wp-json\/wp\/v2\/categories?post=27074"},{"taxonomy":"post_tag","embeddable":true,"href":"https:\/\/www.apolinav.cl\/index.php\/wp-json\/wp\/v2\/tags?post=27074"}],"curies":[{"name":"wp","href":"https:\/\/api.w.org\/{rel}","templated":true}]}}