{"id":26275,"date":"2023-10-21T09:27:12","date_gmt":"2023-10-21T12:27:12","guid":{"rendered":"https:\/\/www.apolinav.cl\/?p=26275"},"modified":"2023-10-30T09:35:31","modified_gmt":"2023-10-30T12:35:31","slug":"capacitacion-y-entrenamiento-a-la-brigada-forestal-de-la-armada-realizo-la-academia-politecnica-naval","status":"publish","type":"post","link":"https:\/\/www.apolinav.cl\/index.php\/capacitacion-y-entrenamiento-a-la-brigada-forestal-de-la-armada-realizo-la-academia-politecnica-naval\/","title":{"rendered":"CAPACITACI\u00d3N Y ENTRENAMIENTO A LA BRIGADA FORESTAL DE LA ARMADA REALIZ\u00d3 LA ACADEMIA POLIT\u00c9CNICA NAVAL."},"content":{"rendered":"<p>Vi\u00f1a del Mar. El viernes 20 de octubre, en el sal\u00f3n Hyatt, la Academia Polit\u00e9cnica Naval efectu\u00f3 la primera capacitaci\u00f3n del a\u00f1o por parte de Instructores de la Corporaci\u00f3n Nacional Forestal, CONAF, Iv\u00e1n Vargas y Luis Correa, objeto preparar al personal que conformar\u00e1 la Brigada Forestal de la Armada, BRIFAR. La capacitaci\u00f3n continu\u00f3 la ma\u00f1ana del s\u00e1bado 21 en los terrenos del Campus Charles con el trabajo pr\u00e1ctico como son los cortafuegos, entre otros.<\/p>\n<p>Cabe se\u00f1alar que cada BRIFAR est\u00e1 compuesta por 22 personas que considera 1 Oficial y 21 Gente de Mar, que se constituyen como unidades de apoyo de combate a los incendios forestales de la temporada, de acuerdo a la disponibilidad institucional, teniendo una vigencia desde noviembre del mismo a\u00f1o a abril del a\u00f1o siguiente, per\u00edodo que comprende la temporada de incendios forestales.<\/p>\n<p>Es deber del Estado propender a la satisfacci\u00f3n de las necesidades p\u00fablicas y a la conservaci\u00f3n del patrimonio nacional. Para tal efecto, los \u00f3rganos del Estado deben actuar coordinadamente en todo el territorio nacional, de modo de maximizar los efectos de su actividad. Es as\u00ed que, lo relacionado con la prevenci\u00f3n y combate de incendios forestales, constituye una responsabilidad del Ministerio de Agricultura, que la ejerce por intermedio de CONAF. A lo anterior, el Servicio Nacional de Prevenci\u00f3n y Respuesta ante Desastres del Ministerio del Interior y Seguridad P\u00fablica, SENAPRED, coordina los organismos para el empleo de las Brigadas de Incendios Forestales de la Armada.<\/p>\n\n\t\t<style type=\"text\/css\">\n\t\t\t#gallery-1 {\n\t\t\t\tmargin: auto;\n\t\t\t}\n\t\t\t#gallery-1 .gallery-item {\n\t\t\t\tfloat: left;\n\t\t\t\tmargin-top: 10px;\n\t\t\t\ttext-align: center;\n\t\t\t\twidth: 33%;\n\t\t\t}\n\t\t\t#gallery-1 img {\n\t\t\t\tborder: 2px solid #cfcfcf;\n\t\t\t}\n\t\t\t#gallery-1 .gallery-caption {\n\t\t\t\tmargin-left: 0;\n\t\t\t}\n\t\t\t\/* see gallery_shortcode() in wp-includes\/media.php *\/\n\t\t<\/style>\n\t\t<div id='gallery-1' class='gallery galleryid-26275 gallery-columns-3 gallery-size-medium'><dl class='gallery-item'>\n\t\t\t<dt class='gallery-icon landscape'>\n\t\t\t\t<a href='https:\/\/www.apolinav.cl\/wp-content\/uploads\/2023\/10\/01-15-scaled.jpg'><img loading=\"lazy\" decoding=\"async\" width=\"300\" height=\"300\" src=\"https:\/\/www.apolinav.cl\/wp-content\/uploads\/2023\/10\/01-15-300x300.jpg\" class=\"attachment-medium size-medium\" alt=\"\" srcset=\"https:\/\/www.apolinav.cl\/wp-content\/uploads\/2023\/10\/01-15-300x300.jpg 300w, https:\/\/www.apolinav.cl\/wp-content\/uploads\/2023\/10\/01-15-1024x1024.jpg 1024w, https:\/\/www.apolinav.cl\/wp-content\/uploads\/2023\/10\/01-15-150x150.jpg 150w, https:\/\/www.apolinav.cl\/wp-content\/uploads\/2023\/10\/01-15-1536x1536.jpg 1536w, https:\/\/www.apolinav.cl\/wp-content\/uploads\/2023\/10\/01-15-2048x2048.jpg 2048w\" sizes=\"auto, (max-width: 300px) 100vw, 300px\" \/><\/a>\n\t\t\t<\/dt><\/dl><dl class='gallery-item'>\n\t\t\t<dt class='gallery-icon landscape'>\n\t\t\t\t<a href='https:\/\/www.apolinav.cl\/wp-content\/uploads\/2023\/10\/02-15-scaled.jpg'><img loading=\"lazy\" decoding=\"async\" width=\"300\" height=\"300\" src=\"https:\/\/www.apolinav.cl\/wp-content\/uploads\/2023\/10\/02-15-300x300.jpg\" class=\"attachment-medium size-medium\" alt=\"\" srcset=\"https:\/\/www.apolinav.cl\/wp-content\/uploads\/2023\/10\/02-15-300x300.jpg 300w, https:\/\/www.apolinav.cl\/wp-content\/uploads\/2023\/10\/02-15-1024x1024.jpg 1024w, https:\/\/www.apolinav.cl\/wp-content\/uploads\/2023\/10\/02-15-150x150.jpg 150w, https:\/\/www.apolinav.cl\/wp-content\/uploads\/2023\/10\/02-15-1536x1536.jpg 1536w, https:\/\/www.apolinav.cl\/wp-content\/uploads\/2023\/10\/02-15-2048x2048.jpg 2048w\" sizes=\"auto, (max-width: 300px) 100vw, 300px\" \/><\/a>\n\t\t\t<\/dt><\/dl><dl class='gallery-item'>\n\t\t\t<dt class='gallery-icon landscape'>\n\t\t\t\t<a href='https:\/\/www.apolinav.cl\/wp-content\/uploads\/2023\/10\/03-13-scaled.jpg'><img loading=\"lazy\" decoding=\"async\" width=\"300\" height=\"300\" src=\"https:\/\/www.apolinav.cl\/wp-content\/uploads\/2023\/10\/03-13-300x300.jpg\" class=\"attachment-medium size-medium\" alt=\"\" srcset=\"https:\/\/www.apolinav.cl\/wp-content\/uploads\/2023\/10\/03-13-300x300.jpg 300w, https:\/\/www.apolinav.cl\/wp-content\/uploads\/2023\/10\/03-13-1024x1024.jpg 1024w, https:\/\/www.apolinav.cl\/wp-content\/uploads\/2023\/10\/03-13-150x150.jpg 150w, https:\/\/www.apolinav.cl\/wp-content\/uploads\/2023\/10\/03-13-1536x1536.jpg 1536w, https:\/\/www.apolinav.cl\/wp-content\/uploads\/2023\/10\/03-13-2048x2048.jpg 2048w\" sizes=\"auto, (max-width: 300px) 100vw, 300px\" \/><\/a>\n\t\t\t<\/dt><\/dl><br style=\"clear: both\" \/><dl class='gallery-item'>\n\t\t\t<dt class='gallery-icon landscape'>\n\t\t\t\t<a href='https:\/\/www.apolinav.cl\/wp-content\/uploads\/2023\/10\/05-9-scaled.jpg'><img loading=\"lazy\" decoding=\"async\" width=\"300\" height=\"300\" src=\"https:\/\/www.apolinav.cl\/wp-content\/uploads\/2023\/10\/05-9-300x300.jpg\" class=\"attachment-medium size-medium\" alt=\"\" srcset=\"https:\/\/www.apolinav.cl\/wp-content\/uploads\/2023\/10\/05-9-300x300.jpg 300w, https:\/\/www.apolinav.cl\/wp-content\/uploads\/2023\/10\/05-9-1024x1024.jpg 1024w, https:\/\/www.apolinav.cl\/wp-content\/uploads\/2023\/10\/05-9-150x150.jpg 150w, https:\/\/www.apolinav.cl\/wp-content\/uploads\/2023\/10\/05-9-1536x1536.jpg 1536w, https:\/\/www.apolinav.cl\/wp-content\/uploads\/2023\/10\/05-9-2048x2048.jpg 2048w\" sizes=\"auto, (max-width: 300px) 100vw, 300px\" \/><\/a>\n\t\t\t<\/dt><\/dl><dl class='gallery-item'>\n\t\t\t<dt class='gallery-icon landscape'>\n\t\t\t\t<a href='https:\/\/www.apolinav.cl\/wp-content\/uploads\/2023\/10\/07-9.jpg'><img loading=\"lazy\" decoding=\"async\" width=\"300\" height=\"300\" src=\"https:\/\/www.apolinav.cl\/wp-content\/uploads\/2023\/10\/07-9-300x300.jpg\" class=\"attachment-medium size-medium\" alt=\"\" srcset=\"https:\/\/www.apolinav.cl\/wp-content\/uploads\/2023\/10\/07-9-300x300.jpg 300w, https:\/\/www.apolinav.cl\/wp-content\/uploads\/2023\/10\/07-9-1024x1024.jpg 1024w, https:\/\/www.apolinav.cl\/wp-content\/uploads\/2023\/10\/07-9-150x150.jpg 150w, https:\/\/www.apolinav.cl\/wp-content\/uploads\/2023\/10\/07-9-1536x1536.jpg 1536w, https:\/\/www.apolinav.cl\/wp-content\/uploads\/2023\/10\/07-9-2048x2048.jpg 2048w\" sizes=\"auto, (max-width: 300px) 100vw, 300px\" \/><\/a>\n\t\t\t<\/dt><\/dl>\n\t\t\t<br style='clear: both' \/>\n\t\t<\/div>\n\n","protected":false},"excerpt":{"rendered":"<p>Vi\u00f1a del Mar. El viernes 20 de octubre, en el sal\u00f3n Hyatt, la Academia Polit\u00e9cnica Naval efectu\u00f3 la primera capacitaci\u00f3n del a\u00f1o por parte de Instructores de la Corporaci\u00f3n Nacional Forestal, CONAF, Iv\u00e1n Vargas y Luis Correa, objeto preparar al personal que conformar\u00e1 la Brigada Forestal de la Armada, BRIFAR. La capacitaci\u00f3n continu\u00f3 la ma\u00f1ana [&hellip;]<\/p>\n","protected":false},"author":3,"featured_media":26276,"comment_status":"open","ping_status":"open","sticky":false,"template":"","format":"standard","meta":{"footnotes":""},"categories":[39],"tags":[],"class_list":["post-26275","post","type-post","status-publish","format-standard","has-post-thumbnail","hentry","category-noticias"],"_links":{"self":[{"href":"https:\/\/www.apolinav.cl\/index.php\/wp-json\/wp\/v2\/posts\/26275","targetHints":{"allow":["GET"]}}],"collection":[{"href":"https:\/\/www.apolinav.cl\/index.php\/wp-json\/wp\/v2\/posts"}],"about":[{"href":"https:\/\/www.apolinav.cl\/index.php\/wp-json\/wp\/v2\/types\/post"}],"author":[{"embeddable":true,"href":"https:\/\/www.apolinav.cl\/index.php\/wp-json\/wp\/v2\/users\/3"}],"replies":[{"embeddable":true,"href":"https:\/\/www.apolinav.cl\/index.php\/wp-json\/wp\/v2\/comments?post=26275"}],"version-history":[{"count":1,"href":"https:\/\/www.apolinav.cl\/index.php\/wp-json\/wp\/v2\/posts\/26275\/revisions"}],"predecessor-version":[{"id":26281,"href":"https:\/\/www.apolinav.cl\/index.php\/wp-json\/wp\/v2\/posts\/26275\/revisions\/26281"}],"wp:featuredmedia":[{"embeddable":true,"href":"https:\/\/www.apolinav.cl\/index.php\/wp-json\/wp\/v2\/media\/26276"}],"wp:attachment":[{"href":"https:\/\/www.apolinav.cl\/index.php\/wp-json\/wp\/v2\/media?parent=26275"}],"wp:term":[{"taxonomy":"category","embeddable":true,"href":"https:\/\/www.apolinav.cl\/index.php\/wp-json\/wp\/v2\/categories?post=26275"},{"taxonomy":"post_tag","embeddable":true,"href":"https:\/\/www.apolinav.cl\/index.php\/wp-json\/wp\/v2\/tags?post=26275"}],"curies":[{"name":"wp","href":"https:\/\/api.w.org\/{rel}","templated":true}]}}