{"id":26174,"date":"2023-10-20T10:35:56","date_gmt":"2023-10-20T13:35:56","guid":{"rendered":"https:\/\/www.apolinav.cl\/?p=26174"},"modified":"2023-10-23T10:42:54","modified_gmt":"2023-10-23T13:42:54","slug":"alumnos-de-la-escuela-de-infanteria-de-marina-de-la-a-p-n-en-periodo-practico-de-montana","status":"publish","type":"post","link":"https:\/\/www.apolinav.cl\/index.php\/alumnos-de-la-escuela-de-infanteria-de-marina-de-la-a-p-n-en-periodo-practico-de-montana\/","title":{"rendered":"ALUMNOS DE LA ESCUELA DE INFANTER\u00cdA DE MARINA DE LA A.P.N. EN PER\u00cdODO PR\u00c1CTICO DE MONTA\u00d1A."},"content":{"rendered":"<p>Los Andes. Durante la semana del 16 al 20 de octubre, personal de alumnos de la Escuela de Infanter\u00eda de Marina de la Academia Polit\u00e9cnica Naval, con su cuerpo de Instructores, al mando del Jefe de Escuela IM, Capit\u00e1n de Corbeta IM V\u00edctor PARSZYK, con el apoyo de personal especialistas del Comando de Fuerzas Especiales, COMFUES y la Escuela de Fuerzas Especiales, ESFUES, se ejecut\u00f3 el per\u00edodo pr\u00e1ctico de monta\u00f1a, en la Escuela de Monta\u00f1a del Ej\u00e9rcito de Chile, GDD. Juan Bancalari Zappetini.<\/p>\n<p>Los alumnos ejecutaron las actividades pr\u00e1cticas de Instrucci\u00f3n Avanzada de Combate, realizando diversas tareas relacionadas al trabajo de escalamiento en roca, Rapel, desplazamiento bajo puentes con gu\u00eda de cuerdas, ascenso y descenso vertical, marcha hacia\u00a0el cerro Nido de C\u00f3ndor.<\/p>\n<p>Estas actividades forman a los futuros especialista IM en un Soldado cada vez m\u00e1s completo para as\u00ed estar cada vez m\u00e1s preparados para servir a la Instituci\u00f3n y la Patria cuando se lo requiera. Adem\u00e1s, evaluar la fortaleza f\u00edsica y el car\u00e1cter como futuros especialistas, adaptados a la situaci\u00f3n que les imponga el terreno. Todo esto para entregar una educaci\u00f3n integra y complementada a\u00a0la instrucci\u00f3n impartida en la Academia, como actividades de los Modelos de Formaci\u00f3n Cultural, Profesional y Val\u00f3rico\u201d.<\/p>\n\n\t\t<style type=\"text\/css\">\n\t\t\t#gallery-1 {\n\t\t\t\tmargin: auto;\n\t\t\t}\n\t\t\t#gallery-1 .gallery-item {\n\t\t\t\tfloat: left;\n\t\t\t\tmargin-top: 10px;\n\t\t\t\ttext-align: center;\n\t\t\t\twidth: 33%;\n\t\t\t}\n\t\t\t#gallery-1 img {\n\t\t\t\tborder: 2px solid #cfcfcf;\n\t\t\t}\n\t\t\t#gallery-1 .gallery-caption {\n\t\t\t\tmargin-left: 0;\n\t\t\t}\n\t\t\t\/* see gallery_shortcode() in wp-includes\/media.php *\/\n\t\t<\/style>\n\t\t<div id='gallery-1' class='gallery galleryid-26174 gallery-columns-3 gallery-size-medium'><dl class='gallery-item'>\n\t\t\t<dt class='gallery-icon landscape'>\n\t\t\t\t<a href='https:\/\/www.apolinav.cl\/wp-content\/uploads\/2023\/10\/01-10.jpg'><img loading=\"lazy\" decoding=\"async\" width=\"300\" height=\"300\" src=\"https:\/\/www.apolinav.cl\/wp-content\/uploads\/2023\/10\/01-10-300x300.jpg\" class=\"attachment-medium size-medium\" alt=\"\" srcset=\"https:\/\/www.apolinav.cl\/wp-content\/uploads\/2023\/10\/01-10-300x300.jpg 300w, https:\/\/www.apolinav.cl\/wp-content\/uploads\/2023\/10\/01-10-1024x1024.jpg 1024w, https:\/\/www.apolinav.cl\/wp-content\/uploads\/2023\/10\/01-10-150x150.jpg 150w, https:\/\/www.apolinav.cl\/wp-content\/uploads\/2023\/10\/01-10-1536x1536.jpg 1536w, https:\/\/www.apolinav.cl\/wp-content\/uploads\/2023\/10\/01-10-2048x2048.jpg 2048w\" sizes=\"auto, (max-width: 300px) 100vw, 300px\" \/><\/a>\n\t\t\t<\/dt><\/dl><dl class='gallery-item'>\n\t\t\t<dt class='gallery-icon portrait'>\n\t\t\t\t<a href='https:\/\/www.apolinav.cl\/wp-content\/uploads\/2023\/10\/02-10.jpg'><img loading=\"lazy\" decoding=\"async\" width=\"300\" height=\"300\" src=\"https:\/\/www.apolinav.cl\/wp-content\/uploads\/2023\/10\/02-10-300x300.jpg\" class=\"attachment-medium size-medium\" alt=\"\" srcset=\"https:\/\/www.apolinav.cl\/wp-content\/uploads\/2023\/10\/02-10-300x300.jpg 300w, https:\/\/www.apolinav.cl\/wp-content\/uploads\/2023\/10\/02-10-1024x1024.jpg 1024w, https:\/\/www.apolinav.cl\/wp-content\/uploads\/2023\/10\/02-10-150x150.jpg 150w, https:\/\/www.apolinav.cl\/wp-content\/uploads\/2023\/10\/02-10-1536x1536.jpg 1536w, https:\/\/www.apolinav.cl\/wp-content\/uploads\/2023\/10\/02-10-2048x2048.jpg 2048w\" sizes=\"auto, (max-width: 300px) 100vw, 300px\" \/><\/a>\n\t\t\t<\/dt><\/dl><dl class='gallery-item'>\n\t\t\t<dt class='gallery-icon landscape'>\n\t\t\t\t<a href='https:\/\/www.apolinav.cl\/wp-content\/uploads\/2023\/10\/03-9.jpg'><img loading=\"lazy\" decoding=\"async\" width=\"300\" height=\"300\" src=\"https:\/\/www.apolinav.cl\/wp-content\/uploads\/2023\/10\/03-9-300x300.jpg\" class=\"attachment-medium size-medium\" alt=\"\" srcset=\"https:\/\/www.apolinav.cl\/wp-content\/uploads\/2023\/10\/03-9-300x300.jpg 300w, https:\/\/www.apolinav.cl\/wp-content\/uploads\/2023\/10\/03-9-1024x1024.jpg 1024w, https:\/\/www.apolinav.cl\/wp-content\/uploads\/2023\/10\/03-9-150x150.jpg 150w, https:\/\/www.apolinav.cl\/wp-content\/uploads\/2023\/10\/03-9-1536x1536.jpg 1536w, https:\/\/www.apolinav.cl\/wp-content\/uploads\/2023\/10\/03-9-2048x2048.jpg 2048w\" sizes=\"auto, (max-width: 300px) 100vw, 300px\" \/><\/a>\n\t\t\t<\/dt><\/dl><br style=\"clear: both\" \/><dl class='gallery-item'>\n\t\t\t<dt class='gallery-icon landscape'>\n\t\t\t\t<a href='https:\/\/www.apolinav.cl\/wp-content\/uploads\/2023\/10\/04-9.jpg'><img loading=\"lazy\" decoding=\"async\" width=\"300\" height=\"300\" src=\"https:\/\/www.apolinav.cl\/wp-content\/uploads\/2023\/10\/04-9-300x300.jpg\" class=\"attachment-medium size-medium\" alt=\"\" srcset=\"https:\/\/www.apolinav.cl\/wp-content\/uploads\/2023\/10\/04-9-300x300.jpg 300w, https:\/\/www.apolinav.cl\/wp-content\/uploads\/2023\/10\/04-9-1024x1024.jpg 1024w, https:\/\/www.apolinav.cl\/wp-content\/uploads\/2023\/10\/04-9-150x150.jpg 150w, https:\/\/www.apolinav.cl\/wp-content\/uploads\/2023\/10\/04-9-1536x1536.jpg 1536w, https:\/\/www.apolinav.cl\/wp-content\/uploads\/2023\/10\/04-9-2048x2048.jpg 2048w\" sizes=\"auto, (max-width: 300px) 100vw, 300px\" \/><\/a>\n\t\t\t<\/dt><\/dl><dl class='gallery-item'>\n\t\t\t<dt class='gallery-icon portrait'>\n\t\t\t\t<a href='https:\/\/www.apolinav.cl\/wp-content\/uploads\/2023\/10\/05-7.jpg'><img loading=\"lazy\" decoding=\"async\" width=\"300\" height=\"300\" src=\"https:\/\/www.apolinav.cl\/wp-content\/uploads\/2023\/10\/05-7-300x300.jpg\" class=\"attachment-medium size-medium\" alt=\"\" srcset=\"https:\/\/www.apolinav.cl\/wp-content\/uploads\/2023\/10\/05-7-300x300.jpg 300w, https:\/\/www.apolinav.cl\/wp-content\/uploads\/2023\/10\/05-7-1024x1024.jpg 1024w, https:\/\/www.apolinav.cl\/wp-content\/uploads\/2023\/10\/05-7-150x150.jpg 150w, https:\/\/www.apolinav.cl\/wp-content\/uploads\/2023\/10\/05-7-1536x1536.jpg 1536w, https:\/\/www.apolinav.cl\/wp-content\/uploads\/2023\/10\/05-7-2048x2048.jpg 2048w\" sizes=\"auto, (max-width: 300px) 100vw, 300px\" \/><\/a>\n\t\t\t<\/dt><\/dl>\n\t\t\t<br style='clear: both' \/>\n\t\t<\/div>\n\n","protected":false},"excerpt":{"rendered":"<p>Los Andes. Durante la semana del 16 al 20 de octubre, personal de alumnos de la Escuela de Infanter\u00eda de Marina de la Academia Polit\u00e9cnica Naval, con su cuerpo de Instructores, al mando del Jefe de Escuela IM, Capit\u00e1n de Corbeta IM V\u00edctor PARSZYK, con el apoyo de personal especialistas del Comando de Fuerzas Especiales, [&hellip;]<\/p>\n","protected":false},"author":3,"featured_media":26175,"comment_status":"open","ping_status":"open","sticky":false,"template":"","format":"standard","meta":{"footnotes":""},"categories":[39],"tags":[],"class_list":["post-26174","post","type-post","status-publish","format-standard","has-post-thumbnail","hentry","category-noticias"],"_links":{"self":[{"href":"https:\/\/www.apolinav.cl\/index.php\/wp-json\/wp\/v2\/posts\/26174","targetHints":{"allow":["GET"]}}],"collection":[{"href":"https:\/\/www.apolinav.cl\/index.php\/wp-json\/wp\/v2\/posts"}],"about":[{"href":"https:\/\/www.apolinav.cl\/index.php\/wp-json\/wp\/v2\/types\/post"}],"author":[{"embeddable":true,"href":"https:\/\/www.apolinav.cl\/index.php\/wp-json\/wp\/v2\/users\/3"}],"replies":[{"embeddable":true,"href":"https:\/\/www.apolinav.cl\/index.php\/wp-json\/wp\/v2\/comments?post=26174"}],"version-history":[{"count":1,"href":"https:\/\/www.apolinav.cl\/index.php\/wp-json\/wp\/v2\/posts\/26174\/revisions"}],"predecessor-version":[{"id":26184,"href":"https:\/\/www.apolinav.cl\/index.php\/wp-json\/wp\/v2\/posts\/26174\/revisions\/26184"}],"wp:featuredmedia":[{"embeddable":true,"href":"https:\/\/www.apolinav.cl\/index.php\/wp-json\/wp\/v2\/media\/26175"}],"wp:attachment":[{"href":"https:\/\/www.apolinav.cl\/index.php\/wp-json\/wp\/v2\/media?parent=26174"}],"wp:term":[{"taxonomy":"category","embeddable":true,"href":"https:\/\/www.apolinav.cl\/index.php\/wp-json\/wp\/v2\/categories?post=26174"},{"taxonomy":"post_tag","embeddable":true,"href":"https:\/\/www.apolinav.cl\/index.php\/wp-json\/wp\/v2\/tags?post=26174"}],"curies":[{"name":"wp","href":"https:\/\/api.w.org\/{rel}","templated":true}]}}