{"id":25489,"date":"2023-08-29T09:31:47","date_gmt":"2023-08-29T13:31:47","guid":{"rendered":"https:\/\/www.apolinav.cl\/?p=25489"},"modified":"2023-09-01T09:36:59","modified_gmt":"2023-09-01T13:36:59","slug":"la-academia-de-historia-naval-y-maritima-de-chile-expone-en-la-academia-politecnica-naval-2","status":"publish","type":"post","link":"https:\/\/www.apolinav.cl\/index.php\/la-academia-de-historia-naval-y-maritima-de-chile-expone-en-la-academia-politecnica-naval-2\/","title":{"rendered":"LA ACADEMIA DE HISTORIA NAVAL Y MAR\u00cdTIMA DE CHILE EXPONE EN LA ACADEMIA POLIT\u00c9CNICA NAVAL."},"content":{"rendered":"<p>Vi\u00f1a del Mar. La tarde del martes 29 de agosto, alumnos de la Escuela de Sanidad de la Academia Polit\u00e9cnica Naval, estuvieron presentes en la conferencia titulada \u201cLos Corsarios Chilenos durante nuestra guerra de Independencia\u201d, efectuada en el Sal\u00f3n Hyatt, por el Abogado, Doctorado en Derecho, M\u00e1ster en Econom\u00eda y Gesti\u00f3n, Profesor Universitario e Investigador, Ra\u00fal Romero Goenaga.<\/p>\n<p>El Contraalmirante Cristian del Real, Presidente de la Academia de Historia Naval y Mar\u00edtima de Chile acompa\u00f1ado de la Directora Carmen Noziglia del Nido, dieron la bienvenida al expositor e invitaron a difundir la historia y el patrimonio de nuestro pa\u00eds.<\/p>\n<p>El Dr. Romero comenz\u00f3 con una cita de Bartholomew Roberts \u201cEn un servicio honrado, la comida es insuficiente, lo sueldos son bajos y el trabajo es duro; en esta hay abundancia y saciedad, placer y tranquilidad, libertad y poder; \u00bfqui\u00e9n no inclinar\u00eda la balanza hacia este lado, cuando todo el peligro que se corre, en el peor de los casos, no es m\u00e1s que una o dos visiones agrias de la horca? No, mi lema ser\u00e1: Una vida corta, pero feliz\u201d.<\/p>\n<p>La exposici\u00f3n procedi\u00f3 a puntualizar la diferencia entre piratas y corsarios, que muchas veces son utilizados como sin\u00f3nimos, y lo que conllevan estos t\u00e9rminos, definiciones y puntos de vistas, jurisdicciones y acciones realizadas. Adem\u00e1s, aclar\u00f3 el desarrollo del fen\u00f3meno a trav\u00e9s del tiempo.<\/p>\n<p>La conferencia finaliz\u00f3 con las felicitaciones al expositor por parte de los integrantes de la Academia de Historia Naval y Mar\u00edtima de Chile, invitando a participar de la siguiente conferencia.<\/p>\n\n\t\t<style type=\"text\/css\">\n\t\t\t#gallery-1 {\n\t\t\t\tmargin: auto;\n\t\t\t}\n\t\t\t#gallery-1 .gallery-item {\n\t\t\t\tfloat: left;\n\t\t\t\tmargin-top: 10px;\n\t\t\t\ttext-align: center;\n\t\t\t\twidth: 33%;\n\t\t\t}\n\t\t\t#gallery-1 img {\n\t\t\t\tborder: 2px solid #cfcfcf;\n\t\t\t}\n\t\t\t#gallery-1 .gallery-caption {\n\t\t\t\tmargin-left: 0;\n\t\t\t}\n\t\t\t\/* see gallery_shortcode() in wp-includes\/media.php *\/\n\t\t<\/style>\n\t\t<div id='gallery-1' class='gallery galleryid-25489 gallery-columns-3 gallery-size-medium'><dl class='gallery-item'>\n\t\t\t<dt class='gallery-icon landscape'>\n\t\t\t\t<a href='https:\/\/www.apolinav.cl\/wp-content\/uploads\/2023\/09\/001-2-scaled.jpg'><img loading=\"lazy\" decoding=\"async\" width=\"300\" height=\"300\" src=\"https:\/\/www.apolinav.cl\/wp-content\/uploads\/2023\/09\/001-2-300x300.jpg\" class=\"attachment-medium size-medium\" alt=\"\" srcset=\"https:\/\/www.apolinav.cl\/wp-content\/uploads\/2023\/09\/001-2-300x300.jpg 300w, https:\/\/www.apolinav.cl\/wp-content\/uploads\/2023\/09\/001-2-1024x1024.jpg 1024w, https:\/\/www.apolinav.cl\/wp-content\/uploads\/2023\/09\/001-2-150x150.jpg 150w, https:\/\/www.apolinav.cl\/wp-content\/uploads\/2023\/09\/001-2-1536x1536.jpg 1536w, https:\/\/www.apolinav.cl\/wp-content\/uploads\/2023\/09\/001-2-2048x2048.jpg 2048w\" sizes=\"auto, (max-width: 300px) 100vw, 300px\" \/><\/a>\n\t\t\t<\/dt><\/dl><dl class='gallery-item'>\n\t\t\t<dt class='gallery-icon landscape'>\n\t\t\t\t<a href='https:\/\/www.apolinav.cl\/wp-content\/uploads\/2023\/09\/002-2-scaled.jpg'><img loading=\"lazy\" decoding=\"async\" width=\"300\" height=\"300\" src=\"https:\/\/www.apolinav.cl\/wp-content\/uploads\/2023\/09\/002-2-300x300.jpg\" class=\"attachment-medium size-medium\" alt=\"\" srcset=\"https:\/\/www.apolinav.cl\/wp-content\/uploads\/2023\/09\/002-2-300x300.jpg 300w, https:\/\/www.apolinav.cl\/wp-content\/uploads\/2023\/09\/002-2-1024x1024.jpg 1024w, https:\/\/www.apolinav.cl\/wp-content\/uploads\/2023\/09\/002-2-150x150.jpg 150w, https:\/\/www.apolinav.cl\/wp-content\/uploads\/2023\/09\/002-2-1536x1536.jpg 1536w, https:\/\/www.apolinav.cl\/wp-content\/uploads\/2023\/09\/002-2-2048x2048.jpg 2048w\" sizes=\"auto, (max-width: 300px) 100vw, 300px\" \/><\/a>\n\t\t\t<\/dt><\/dl><dl class='gallery-item'>\n\t\t\t<dt class='gallery-icon landscape'>\n\t\t\t\t<a href='https:\/\/www.apolinav.cl\/wp-content\/uploads\/2023\/09\/003-1-scaled.jpg'><img loading=\"lazy\" decoding=\"async\" width=\"300\" height=\"300\" src=\"https:\/\/www.apolinav.cl\/wp-content\/uploads\/2023\/09\/003-1-300x300.jpg\" class=\"attachment-medium size-medium\" alt=\"\" srcset=\"https:\/\/www.apolinav.cl\/wp-content\/uploads\/2023\/09\/003-1-300x300.jpg 300w, https:\/\/www.apolinav.cl\/wp-content\/uploads\/2023\/09\/003-1-1024x1024.jpg 1024w, https:\/\/www.apolinav.cl\/wp-content\/uploads\/2023\/09\/003-1-150x150.jpg 150w, https:\/\/www.apolinav.cl\/wp-content\/uploads\/2023\/09\/003-1-1536x1536.jpg 1536w, https:\/\/www.apolinav.cl\/wp-content\/uploads\/2023\/09\/003-1-2048x2048.jpg 2048w\" sizes=\"auto, (max-width: 300px) 100vw, 300px\" \/><\/a>\n\t\t\t<\/dt><\/dl><br style=\"clear: both\" \/><dl class='gallery-item'>\n\t\t\t<dt class='gallery-icon landscape'>\n\t\t\t\t<a href='https:\/\/www.apolinav.cl\/wp-content\/uploads\/2023\/09\/004-2-scaled.jpg'><img loading=\"lazy\" decoding=\"async\" width=\"300\" height=\"300\" src=\"https:\/\/www.apolinav.cl\/wp-content\/uploads\/2023\/09\/004-2-300x300.jpg\" class=\"attachment-medium size-medium\" alt=\"\" srcset=\"https:\/\/www.apolinav.cl\/wp-content\/uploads\/2023\/09\/004-2-300x300.jpg 300w, https:\/\/www.apolinav.cl\/wp-content\/uploads\/2023\/09\/004-2-1024x1024.jpg 1024w, https:\/\/www.apolinav.cl\/wp-content\/uploads\/2023\/09\/004-2-150x150.jpg 150w, https:\/\/www.apolinav.cl\/wp-content\/uploads\/2023\/09\/004-2-1536x1536.jpg 1536w, https:\/\/www.apolinav.cl\/wp-content\/uploads\/2023\/09\/004-2-2048x2048.jpg 2048w\" sizes=\"auto, (max-width: 300px) 100vw, 300px\" \/><\/a>\n\t\t\t<\/dt><\/dl><dl class='gallery-item'>\n\t\t\t<dt class='gallery-icon landscape'>\n\t\t\t\t<a href='https:\/\/www.apolinav.cl\/wp-content\/uploads\/2023\/09\/005-1-scaled.jpg'><img loading=\"lazy\" decoding=\"async\" width=\"300\" height=\"300\" src=\"https:\/\/www.apolinav.cl\/wp-content\/uploads\/2023\/09\/005-1-300x300.jpg\" class=\"attachment-medium size-medium\" alt=\"\" srcset=\"https:\/\/www.apolinav.cl\/wp-content\/uploads\/2023\/09\/005-1-300x300.jpg 300w, https:\/\/www.apolinav.cl\/wp-content\/uploads\/2023\/09\/005-1-1024x1024.jpg 1024w, https:\/\/www.apolinav.cl\/wp-content\/uploads\/2023\/09\/005-1-150x150.jpg 150w, https:\/\/www.apolinav.cl\/wp-content\/uploads\/2023\/09\/005-1-1536x1536.jpg 1536w, https:\/\/www.apolinav.cl\/wp-content\/uploads\/2023\/09\/005-1-2048x2048.jpg 2048w\" sizes=\"auto, (max-width: 300px) 100vw, 300px\" \/><\/a>\n\t\t\t<\/dt><\/dl><dl class='gallery-item'>\n\t\t\t<dt class='gallery-icon landscape'>\n\t\t\t\t<a href='https:\/\/www.apolinav.cl\/wp-content\/uploads\/2023\/09\/006-1-scaled.jpg'><img loading=\"lazy\" decoding=\"async\" width=\"300\" height=\"300\" src=\"https:\/\/www.apolinav.cl\/wp-content\/uploads\/2023\/09\/006-1-300x300.jpg\" class=\"attachment-medium size-medium\" alt=\"\" srcset=\"https:\/\/www.apolinav.cl\/wp-content\/uploads\/2023\/09\/006-1-300x300.jpg 300w, https:\/\/www.apolinav.cl\/wp-content\/uploads\/2023\/09\/006-1-1024x1024.jpg 1024w, https:\/\/www.apolinav.cl\/wp-content\/uploads\/2023\/09\/006-1-150x150.jpg 150w, https:\/\/www.apolinav.cl\/wp-content\/uploads\/2023\/09\/006-1-1536x1536.jpg 1536w, https:\/\/www.apolinav.cl\/wp-content\/uploads\/2023\/09\/006-1-2048x2048.jpg 2048w\" sizes=\"auto, (max-width: 300px) 100vw, 300px\" \/><\/a>\n\t\t\t<\/dt><\/dl><br style=\"clear: both\" \/>\n\t\t<\/div>\n\n","protected":false},"excerpt":{"rendered":"<p>Vi\u00f1a del Mar. La tarde del martes 29 de agosto, alumnos de la Escuela de Sanidad de la Academia Polit\u00e9cnica Naval, estuvieron presentes en la conferencia titulada \u201cLos Corsarios Chilenos durante nuestra guerra de Independencia\u201d, efectuada en el Sal\u00f3n Hyatt, por el Abogado, Doctorado en Derecho, M\u00e1ster en Econom\u00eda y Gesti\u00f3n, Profesor Universitario e Investigador, [&hellip;]<\/p>\n","protected":false},"author":3,"featured_media":25490,"comment_status":"open","ping_status":"open","sticky":false,"template":"","format":"standard","meta":{"footnotes":""},"categories":[39],"tags":[],"class_list":["post-25489","post","type-post","status-publish","format-standard","has-post-thumbnail","hentry","category-noticias"],"_links":{"self":[{"href":"https:\/\/www.apolinav.cl\/index.php\/wp-json\/wp\/v2\/posts\/25489","targetHints":{"allow":["GET"]}}],"collection":[{"href":"https:\/\/www.apolinav.cl\/index.php\/wp-json\/wp\/v2\/posts"}],"about":[{"href":"https:\/\/www.apolinav.cl\/index.php\/wp-json\/wp\/v2\/types\/post"}],"author":[{"embeddable":true,"href":"https:\/\/www.apolinav.cl\/index.php\/wp-json\/wp\/v2\/users\/3"}],"replies":[{"embeddable":true,"href":"https:\/\/www.apolinav.cl\/index.php\/wp-json\/wp\/v2\/comments?post=25489"}],"version-history":[{"count":1,"href":"https:\/\/www.apolinav.cl\/index.php\/wp-json\/wp\/v2\/posts\/25489\/revisions"}],"predecessor-version":[{"id":25496,"href":"https:\/\/www.apolinav.cl\/index.php\/wp-json\/wp\/v2\/posts\/25489\/revisions\/25496"}],"wp:featuredmedia":[{"embeddable":true,"href":"https:\/\/www.apolinav.cl\/index.php\/wp-json\/wp\/v2\/media\/25490"}],"wp:attachment":[{"href":"https:\/\/www.apolinav.cl\/index.php\/wp-json\/wp\/v2\/media?parent=25489"}],"wp:term":[{"taxonomy":"category","embeddable":true,"href":"https:\/\/www.apolinav.cl\/index.php\/wp-json\/wp\/v2\/categories?post=25489"},{"taxonomy":"post_tag","embeddable":true,"href":"https:\/\/www.apolinav.cl\/index.php\/wp-json\/wp\/v2\/tags?post=25489"}],"curies":[{"name":"wp","href":"https:\/\/api.w.org\/{rel}","templated":true}]}}