{"id":24782,"date":"2023-06-29T16:10:42","date_gmt":"2023-06-29T20:10:42","guid":{"rendered":"https:\/\/www.apolinav.cl\/?p=24782"},"modified":"2023-07-06T16:18:49","modified_gmt":"2023-07-06T20:18:49","slug":"conferencia-de-prevencion-social-destinado-a-grumetes-realizo-la-academia-politecnica-naval","status":"publish","type":"post","link":"https:\/\/www.apolinav.cl\/index.php\/conferencia-de-prevencion-social-destinado-a-grumetes-realizo-la-academia-politecnica-naval\/","title":{"rendered":"CONFERENCIA DE PREVENCI\u00d3N SOCIAL DESTINADO A GRUMETES REALIZ\u00d3 LA ACADEMIA POLIT\u00c9CNICA NAVAL."},"content":{"rendered":"<p>Vi\u00f1a del Mar. El 29 de junio, la Academia Polit\u00e9cnica Naval dio inicio al \u201cPrograma de Prevenci\u00f3n Social\u201d, destinado a informar y educar a sus alumnos Grumetes a trav\u00e9s de conferencias y talleres destinados a la entrega de conocimientos de bienestar social y tem\u00e1ticas de \u00edndole psicosocial que podr\u00edan afectar la vida personal, familiar y laboral de los uniformados.<\/p>\n<p>El programa considera la ejecuci\u00f3n de capacitaciones en temas de familia y elecci\u00f3n de pareja, manejo adecuado del presupuesto personal y familiar, contextualizaci\u00f3n y an\u00e1lisis de directivas institucionales relativas a las relaciones humanas y del buen comportamiento, abordando el \u00a0acoso laboral, sexual y violencia, consumo de drogas, consumo de alcohol y prevenci\u00f3n del suicidio, as\u00ed como tambi\u00e9n, la entrega de informaci\u00f3n respecto de las prestaciones del Servicio de Bienestar Social de la Armada en el \u00e1rea Comercial, Habitacional, Recreativa, Educacional, Jur\u00eddico y Social.<\/p>\n<p>El desarrollo de este programa se encuentra a cargo de la Empleada Civil Asistente Social Pamela Peralta, profesional del Departamento de Bienestar Social de Valpara\u00edso, asignada a la Academia Polit\u00e9cnica.<\/p>\n\n\t\t<style type=\"text\/css\">\n\t\t\t#gallery-1 {\n\t\t\t\tmargin: auto;\n\t\t\t}\n\t\t\t#gallery-1 .gallery-item {\n\t\t\t\tfloat: left;\n\t\t\t\tmargin-top: 10px;\n\t\t\t\ttext-align: center;\n\t\t\t\twidth: 33%;\n\t\t\t}\n\t\t\t#gallery-1 img {\n\t\t\t\tborder: 2px solid #cfcfcf;\n\t\t\t}\n\t\t\t#gallery-1 .gallery-caption {\n\t\t\t\tmargin-left: 0;\n\t\t\t}\n\t\t\t\/* see gallery_shortcode() in wp-includes\/media.php *\/\n\t\t<\/style>\n\t\t<div id='gallery-1' class='gallery galleryid-24782 gallery-columns-3 gallery-size-large'><dl class='gallery-item'>\n\t\t\t<dt class='gallery-icon landscape'>\n\t\t\t\t<a href='https:\/\/www.apolinav.cl\/wp-content\/uploads\/2023\/07\/001-4-scaled.jpg'><img loading=\"lazy\" decoding=\"async\" width=\"1024\" height=\"1024\" src=\"https:\/\/www.apolinav.cl\/wp-content\/uploads\/2023\/07\/001-4-1024x1024.jpg\" class=\"attachment-large size-large\" alt=\"\" srcset=\"https:\/\/www.apolinav.cl\/wp-content\/uploads\/2023\/07\/001-4-1024x1024.jpg 1024w, https:\/\/www.apolinav.cl\/wp-content\/uploads\/2023\/07\/001-4-300x300.jpg 300w, https:\/\/www.apolinav.cl\/wp-content\/uploads\/2023\/07\/001-4-150x150.jpg 150w, https:\/\/www.apolinav.cl\/wp-content\/uploads\/2023\/07\/001-4-1536x1536.jpg 1536w, https:\/\/www.apolinav.cl\/wp-content\/uploads\/2023\/07\/001-4-2048x2048.jpg 2048w\" sizes=\"auto, (max-width: 1024px) 100vw, 1024px\" \/><\/a>\n\t\t\t<\/dt><\/dl><dl class='gallery-item'>\n\t\t\t<dt class='gallery-icon landscape'>\n\t\t\t\t<a href='https:\/\/www.apolinav.cl\/wp-content\/uploads\/2023\/06\/002-15-scaled.jpg'><img loading=\"lazy\" decoding=\"async\" width=\"1024\" height=\"1024\" src=\"https:\/\/www.apolinav.cl\/wp-content\/uploads\/2023\/06\/002-15-1024x1024.jpg\" class=\"attachment-large size-large\" alt=\"\" srcset=\"https:\/\/www.apolinav.cl\/wp-content\/uploads\/2023\/06\/002-15-1024x1024.jpg 1024w, https:\/\/www.apolinav.cl\/wp-content\/uploads\/2023\/06\/002-15-300x300.jpg 300w, https:\/\/www.apolinav.cl\/wp-content\/uploads\/2023\/06\/002-15-150x150.jpg 150w, https:\/\/www.apolinav.cl\/wp-content\/uploads\/2023\/06\/002-15-1536x1536.jpg 1536w, https:\/\/www.apolinav.cl\/wp-content\/uploads\/2023\/06\/002-15-2048x2048.jpg 2048w\" sizes=\"auto, (max-width: 1024px) 100vw, 1024px\" \/><\/a>\n\t\t\t<\/dt><\/dl><dl class='gallery-item'>\n\t\t\t<dt class='gallery-icon landscape'>\n\t\t\t\t<a href='https:\/\/www.apolinav.cl\/wp-content\/uploads\/2023\/06\/003-16-scaled.jpg'><img loading=\"lazy\" decoding=\"async\" width=\"1024\" height=\"1024\" src=\"https:\/\/www.apolinav.cl\/wp-content\/uploads\/2023\/06\/003-16-1024x1024.jpg\" class=\"attachment-large size-large\" alt=\"\" srcset=\"https:\/\/www.apolinav.cl\/wp-content\/uploads\/2023\/06\/003-16-1024x1024.jpg 1024w, https:\/\/www.apolinav.cl\/wp-content\/uploads\/2023\/06\/003-16-300x300.jpg 300w, https:\/\/www.apolinav.cl\/wp-content\/uploads\/2023\/06\/003-16-150x150.jpg 150w, https:\/\/www.apolinav.cl\/wp-content\/uploads\/2023\/06\/003-16-1536x1536.jpg 1536w, https:\/\/www.apolinav.cl\/wp-content\/uploads\/2023\/06\/003-16-2048x2048.jpg 2048w\" sizes=\"auto, (max-width: 1024px) 100vw, 1024px\" \/><\/a>\n\t\t\t<\/dt><\/dl><br style=\"clear: both\" \/>\n\t\t<\/div>\n\n","protected":false},"excerpt":{"rendered":"<p>Vi\u00f1a del Mar. El 29 de junio, la Academia Polit\u00e9cnica Naval dio inicio al \u201cPrograma de Prevenci\u00f3n Social\u201d, destinado a informar y educar a sus alumnos Grumetes a trav\u00e9s de conferencias y talleres destinados a la entrega de conocimientos de bienestar social y tem\u00e1ticas de \u00edndole psicosocial que podr\u00edan afectar la vida personal, familiar y [&hellip;]<\/p>\n","protected":false},"author":3,"featured_media":24783,"comment_status":"open","ping_status":"open","sticky":false,"template":"","format":"standard","meta":{"footnotes":""},"categories":[39],"tags":[],"class_list":["post-24782","post","type-post","status-publish","format-standard","has-post-thumbnail","hentry","category-noticias"],"_links":{"self":[{"href":"https:\/\/www.apolinav.cl\/index.php\/wp-json\/wp\/v2\/posts\/24782","targetHints":{"allow":["GET"]}}],"collection":[{"href":"https:\/\/www.apolinav.cl\/index.php\/wp-json\/wp\/v2\/posts"}],"about":[{"href":"https:\/\/www.apolinav.cl\/index.php\/wp-json\/wp\/v2\/types\/post"}],"author":[{"embeddable":true,"href":"https:\/\/www.apolinav.cl\/index.php\/wp-json\/wp\/v2\/users\/3"}],"replies":[{"embeddable":true,"href":"https:\/\/www.apolinav.cl\/index.php\/wp-json\/wp\/v2\/comments?post=24782"}],"version-history":[{"count":3,"href":"https:\/\/www.apolinav.cl\/index.php\/wp-json\/wp\/v2\/posts\/24782\/revisions"}],"predecessor-version":[{"id":24790,"href":"https:\/\/www.apolinav.cl\/index.php\/wp-json\/wp\/v2\/posts\/24782\/revisions\/24790"}],"wp:featuredmedia":[{"embeddable":true,"href":"https:\/\/www.apolinav.cl\/index.php\/wp-json\/wp\/v2\/media\/24783"}],"wp:attachment":[{"href":"https:\/\/www.apolinav.cl\/index.php\/wp-json\/wp\/v2\/media?parent=24782"}],"wp:term":[{"taxonomy":"category","embeddable":true,"href":"https:\/\/www.apolinav.cl\/index.php\/wp-json\/wp\/v2\/categories?post=24782"},{"taxonomy":"post_tag","embeddable":true,"href":"https:\/\/www.apolinav.cl\/index.php\/wp-json\/wp\/v2\/tags?post=24782"}],"curies":[{"name":"wp","href":"https:\/\/api.w.org\/{rel}","templated":true}]}}