{"id":24472,"date":"2023-06-08T08:52:22","date_gmt":"2023-06-08T12:52:22","guid":{"rendered":"https:\/\/www.apolinav.cl\/?p=24472"},"modified":"2023-06-13T08:56:08","modified_gmt":"2023-06-13T12:56:08","slug":"grumetes-de-la-escuela-de-infanteria-de-marina-de-la-academia-politecnica-naval-en-etapa-practica","status":"publish","type":"post","link":"https:\/\/www.apolinav.cl\/index.php\/grumetes-de-la-escuela-de-infanteria-de-marina-de-la-academia-politecnica-naval-en-etapa-practica\/","title":{"rendered":"GRUMETES DE LA ESCUELA DE INFANTER\u00cdA DE MARINA DE LA ACADEMIA POLIT\u00c9CNICA NAVAL EN ETAPA PR\u00c1CTICA."},"content":{"rendered":"<p>Vi\u00f1a del Mar. El 08 de junio, el Director de la Academia Polit\u00e9cnica Naval, Capit\u00e1n de Nav\u00edo Fabi\u00e1n Gonz\u00e1lez acompa\u00f1ado de Jefe de Campus Jaime Charles, Capit\u00e1n de Fragata IM Adolfo Weber y el Suboficial Mayor IM Pedro Haase revistaron a los Grumetes Infantes de Marina de la Academia Polit\u00e9cnica Naval mientras se efectuaba instrucci\u00f3n en terreno.<\/p>\n<p>En el Campo de Entrenamiento Almirante Bascu\u00f1\u00e1n, los Grumetes dieron una muestra de los diferentes entrenamientos, habitabilidades y conocimientos adquiridos. \u201cEsta es una actividad demandante para nuestros alumnos, puesto que exige su concentraci\u00f3n y los conocimientos entregados por el Cuerpo de Instructores, porque un error, por m\u00ednimo que sea, les podr\u00eda costar el \u00e9xito del ejercicio\u201d explic\u00f3 el Comandante Weber.<\/p>\n\n\t\t<style type=\"text\/css\">\n\t\t\t#gallery-1 {\n\t\t\t\tmargin: auto;\n\t\t\t}\n\t\t\t#gallery-1 .gallery-item {\n\t\t\t\tfloat: left;\n\t\t\t\tmargin-top: 10px;\n\t\t\t\ttext-align: center;\n\t\t\t\twidth: 33%;\n\t\t\t}\n\t\t\t#gallery-1 img {\n\t\t\t\tborder: 2px solid #cfcfcf;\n\t\t\t}\n\t\t\t#gallery-1 .gallery-caption {\n\t\t\t\tmargin-left: 0;\n\t\t\t}\n\t\t\t\/* see gallery_shortcode() in wp-includes\/media.php *\/\n\t\t<\/style>\n\t\t<div id='gallery-1' class='gallery galleryid-24472 gallery-columns-3 gallery-size-medium'><dl class='gallery-item'>\n\t\t\t<dt class='gallery-icon landscape'>\n\t\t\t\t<a href='https:\/\/www.apolinav.cl\/wp-content\/uploads\/2023\/06\/001-10.jpg'><img loading=\"lazy\" decoding=\"async\" width=\"300\" height=\"300\" src=\"https:\/\/www.apolinav.cl\/wp-content\/uploads\/2023\/06\/001-10-300x300.jpg\" class=\"attachment-medium size-medium\" alt=\"\" srcset=\"https:\/\/www.apolinav.cl\/wp-content\/uploads\/2023\/06\/001-10-300x300.jpg 300w, https:\/\/www.apolinav.cl\/wp-content\/uploads\/2023\/06\/001-10-1024x1024.jpg 1024w, https:\/\/www.apolinav.cl\/wp-content\/uploads\/2023\/06\/001-10-150x150.jpg 150w, https:\/\/www.apolinav.cl\/wp-content\/uploads\/2023\/06\/001-10-1536x1536.jpg 1536w, https:\/\/www.apolinav.cl\/wp-content\/uploads\/2023\/06\/001-10-2048x2048.jpg 2048w\" sizes=\"auto, (max-width: 300px) 100vw, 300px\" \/><\/a>\n\t\t\t<\/dt><\/dl><dl class='gallery-item'>\n\t\t\t<dt class='gallery-icon portrait'>\n\t\t\t\t<a href='https:\/\/www.apolinav.cl\/wp-content\/uploads\/2023\/06\/002-9.jpg'><img loading=\"lazy\" decoding=\"async\" width=\"300\" height=\"300\" src=\"https:\/\/www.apolinav.cl\/wp-content\/uploads\/2023\/06\/002-9-300x300.jpg\" class=\"attachment-medium size-medium\" alt=\"\" srcset=\"https:\/\/www.apolinav.cl\/wp-content\/uploads\/2023\/06\/002-9-300x300.jpg 300w, https:\/\/www.apolinav.cl\/wp-content\/uploads\/2023\/06\/002-9-1024x1024.jpg 1024w, https:\/\/www.apolinav.cl\/wp-content\/uploads\/2023\/06\/002-9-150x150.jpg 150w, https:\/\/www.apolinav.cl\/wp-content\/uploads\/2023\/06\/002-9-1536x1536.jpg 1536w, https:\/\/www.apolinav.cl\/wp-content\/uploads\/2023\/06\/002-9-2048x2048.jpg 2048w\" sizes=\"auto, (max-width: 300px) 100vw, 300px\" \/><\/a>\n\t\t\t<\/dt><\/dl><dl class='gallery-item'>\n\t\t\t<dt class='gallery-icon landscape'>\n\t\t\t\t<a href='https:\/\/www.apolinav.cl\/wp-content\/uploads\/2023\/06\/003-10.jpg'><img loading=\"lazy\" decoding=\"async\" width=\"300\" height=\"300\" src=\"https:\/\/www.apolinav.cl\/wp-content\/uploads\/2023\/06\/003-10-300x300.jpg\" class=\"attachment-medium size-medium\" alt=\"\" srcset=\"https:\/\/www.apolinav.cl\/wp-content\/uploads\/2023\/06\/003-10-300x300.jpg 300w, https:\/\/www.apolinav.cl\/wp-content\/uploads\/2023\/06\/003-10-1024x1024.jpg 1024w, https:\/\/www.apolinav.cl\/wp-content\/uploads\/2023\/06\/003-10-150x150.jpg 150w, https:\/\/www.apolinav.cl\/wp-content\/uploads\/2023\/06\/003-10-1536x1536.jpg 1536w, https:\/\/www.apolinav.cl\/wp-content\/uploads\/2023\/06\/003-10-2048x2048.jpg 2048w\" sizes=\"auto, (max-width: 300px) 100vw, 300px\" \/><\/a>\n\t\t\t<\/dt><\/dl><br style=\"clear: both\" \/><dl class='gallery-item'>\n\t\t\t<dt class='gallery-icon portrait'>\n\t\t\t\t<a href='https:\/\/www.apolinav.cl\/wp-content\/uploads\/2023\/06\/004-6.jpg'><img loading=\"lazy\" decoding=\"async\" width=\"300\" height=\"300\" src=\"https:\/\/www.apolinav.cl\/wp-content\/uploads\/2023\/06\/004-6-300x300.jpg\" class=\"attachment-medium size-medium\" alt=\"\" srcset=\"https:\/\/www.apolinav.cl\/wp-content\/uploads\/2023\/06\/004-6-300x300.jpg 300w, https:\/\/www.apolinav.cl\/wp-content\/uploads\/2023\/06\/004-6-1024x1024.jpg 1024w, https:\/\/www.apolinav.cl\/wp-content\/uploads\/2023\/06\/004-6-150x150.jpg 150w, https:\/\/www.apolinav.cl\/wp-content\/uploads\/2023\/06\/004-6-1536x1536.jpg 1536w, https:\/\/www.apolinav.cl\/wp-content\/uploads\/2023\/06\/004-6-2048x2048.jpg 2048w\" sizes=\"auto, (max-width: 300px) 100vw, 300px\" \/><\/a>\n\t\t\t<\/dt><\/dl>\n\t\t\t<br style='clear: both' \/>\n\t\t<\/div>\n\n","protected":false},"excerpt":{"rendered":"<p>Vi\u00f1a del Mar. El 08 de junio, el Director de la Academia Polit\u00e9cnica Naval, Capit\u00e1n de Nav\u00edo Fabi\u00e1n Gonz\u00e1lez acompa\u00f1ado de Jefe de Campus Jaime Charles, Capit\u00e1n de Fragata IM Adolfo Weber y el Suboficial Mayor IM Pedro Haase revistaron a los Grumetes Infantes de Marina de la Academia Polit\u00e9cnica Naval mientras se efectuaba instrucci\u00f3n [&hellip;]<\/p>\n","protected":false},"author":3,"featured_media":24473,"comment_status":"open","ping_status":"open","sticky":false,"template":"","format":"standard","meta":{"footnotes":""},"categories":[39],"tags":[],"class_list":["post-24472","post","type-post","status-publish","format-standard","has-post-thumbnail","hentry","category-noticias"],"_links":{"self":[{"href":"https:\/\/www.apolinav.cl\/index.php\/wp-json\/wp\/v2\/posts\/24472","targetHints":{"allow":["GET"]}}],"collection":[{"href":"https:\/\/www.apolinav.cl\/index.php\/wp-json\/wp\/v2\/posts"}],"about":[{"href":"https:\/\/www.apolinav.cl\/index.php\/wp-json\/wp\/v2\/types\/post"}],"author":[{"embeddable":true,"href":"https:\/\/www.apolinav.cl\/index.php\/wp-json\/wp\/v2\/users\/3"}],"replies":[{"embeddable":true,"href":"https:\/\/www.apolinav.cl\/index.php\/wp-json\/wp\/v2\/comments?post=24472"}],"version-history":[{"count":1,"href":"https:\/\/www.apolinav.cl\/index.php\/wp-json\/wp\/v2\/posts\/24472\/revisions"}],"predecessor-version":[{"id":24477,"href":"https:\/\/www.apolinav.cl\/index.php\/wp-json\/wp\/v2\/posts\/24472\/revisions\/24477"}],"wp:featuredmedia":[{"embeddable":true,"href":"https:\/\/www.apolinav.cl\/index.php\/wp-json\/wp\/v2\/media\/24473"}],"wp:attachment":[{"href":"https:\/\/www.apolinav.cl\/index.php\/wp-json\/wp\/v2\/media?parent=24472"}],"wp:term":[{"taxonomy":"category","embeddable":true,"href":"https:\/\/www.apolinav.cl\/index.php\/wp-json\/wp\/v2\/categories?post=24472"},{"taxonomy":"post_tag","embeddable":true,"href":"https:\/\/www.apolinav.cl\/index.php\/wp-json\/wp\/v2\/tags?post=24472"}],"curies":[{"name":"wp","href":"https:\/\/api.w.org\/{rel}","templated":true}]}}