{"id":24395,"date":"2023-06-03T10:31:38","date_gmt":"2023-06-03T14:31:38","guid":{"rendered":"https:\/\/www.apolinav.cl\/?p=24395"},"modified":"2023-06-08T10:33:44","modified_gmt":"2023-06-08T14:33:44","slug":"alumnos-de-la-academia-politecnica-naval-participan-en-colecta-coaniquem","status":"publish","type":"post","link":"https:\/\/www.apolinav.cl\/index.php\/alumnos-de-la-academia-politecnica-naval-participan-en-colecta-coaniquem\/","title":{"rendered":"ALUMNOS DE LA ACADEMIA POLIT\u00c9CNICA NAVAL PARTICIPAN EN COLECTA \u201cCOANIQUEM\u201d."},"content":{"rendered":"<p>Vi\u00f1a del Mar. Este viernes 02 y s\u00e1bado 03 de junio, una delegaci\u00f3n de 60 Alumnos de la Academia Polit\u00e9cnica Naval participaron, en forma voluntaria, de la colecta realizada por la Corporaci\u00f3n de Ayuda al Ni\u00f1o Quemado COANIQUEM, en el centro de la Ciudad de Vi\u00f1a del Mar con el objeto de colaborar con esta causa.<\/p>\n<p>COANIQUEM es una Instituci\u00f3n privada sin fines de lucro cuyo prop\u00f3sito es ofrecer rehabilitaci\u00f3n integral y gratuita a j\u00f3venes y ni\u00f1os con quemaduras.<\/p>\n\n\t\t<style type=\"text\/css\">\n\t\t\t#gallery-1 {\n\t\t\t\tmargin: auto;\n\t\t\t}\n\t\t\t#gallery-1 .gallery-item {\n\t\t\t\tfloat: left;\n\t\t\t\tmargin-top: 10px;\n\t\t\t\ttext-align: center;\n\t\t\t\twidth: 33%;\n\t\t\t}\n\t\t\t#gallery-1 img {\n\t\t\t\tborder: 2px solid #cfcfcf;\n\t\t\t}\n\t\t\t#gallery-1 .gallery-caption {\n\t\t\t\tmargin-left: 0;\n\t\t\t}\n\t\t\t\/* see gallery_shortcode() in wp-includes\/media.php *\/\n\t\t<\/style>\n\t\t<div id='gallery-1' class='gallery galleryid-24395 gallery-columns-3 gallery-size-medium'><dl class='gallery-item'>\n\t\t\t<dt class='gallery-icon landscape'>\n\t\t\t\t<a href='https:\/\/www.apolinav.cl\/wp-content\/uploads\/2023\/06\/001-5.jpg'><img loading=\"lazy\" decoding=\"async\" width=\"300\" height=\"300\" src=\"https:\/\/www.apolinav.cl\/wp-content\/uploads\/2023\/06\/001-5-300x300.jpg\" class=\"attachment-medium size-medium\" alt=\"\" srcset=\"https:\/\/www.apolinav.cl\/wp-content\/uploads\/2023\/06\/001-5-300x300.jpg 300w, https:\/\/www.apolinav.cl\/wp-content\/uploads\/2023\/06\/001-5-1024x1024.jpg 1024w, https:\/\/www.apolinav.cl\/wp-content\/uploads\/2023\/06\/001-5-150x150.jpg 150w, https:\/\/www.apolinav.cl\/wp-content\/uploads\/2023\/06\/001-5-1536x1536.jpg 1536w, https:\/\/www.apolinav.cl\/wp-content\/uploads\/2023\/06\/001-5-2048x2048.jpg 2048w\" sizes=\"auto, (max-width: 300px) 100vw, 300px\" \/><\/a>\n\t\t\t<\/dt><\/dl><dl class='gallery-item'>\n\t\t\t<dt class='gallery-icon landscape'>\n\t\t\t\t<a href='https:\/\/www.apolinav.cl\/wp-content\/uploads\/2023\/06\/002-4.jpg'><img loading=\"lazy\" decoding=\"async\" width=\"300\" height=\"300\" src=\"https:\/\/www.apolinav.cl\/wp-content\/uploads\/2023\/06\/002-4-300x300.jpg\" class=\"attachment-medium size-medium\" alt=\"\" srcset=\"https:\/\/www.apolinav.cl\/wp-content\/uploads\/2023\/06\/002-4-300x300.jpg 300w, https:\/\/www.apolinav.cl\/wp-content\/uploads\/2023\/06\/002-4-1024x1024.jpg 1024w, https:\/\/www.apolinav.cl\/wp-content\/uploads\/2023\/06\/002-4-150x150.jpg 150w, https:\/\/www.apolinav.cl\/wp-content\/uploads\/2023\/06\/002-4-1536x1536.jpg 1536w, https:\/\/www.apolinav.cl\/wp-content\/uploads\/2023\/06\/002-4-2048x2048.jpg 2048w\" sizes=\"auto, (max-width: 300px) 100vw, 300px\" \/><\/a>\n\t\t\t<\/dt><\/dl><dl class='gallery-item'>\n\t\t\t<dt class='gallery-icon landscape'>\n\t\t\t\t<a href='https:\/\/www.apolinav.cl\/wp-content\/uploads\/2023\/06\/003-5.jpg'><img loading=\"lazy\" decoding=\"async\" width=\"300\" height=\"300\" src=\"https:\/\/www.apolinav.cl\/wp-content\/uploads\/2023\/06\/003-5-300x300.jpg\" class=\"attachment-medium size-medium\" alt=\"\" srcset=\"https:\/\/www.apolinav.cl\/wp-content\/uploads\/2023\/06\/003-5-300x300.jpg 300w, https:\/\/www.apolinav.cl\/wp-content\/uploads\/2023\/06\/003-5-1024x1024.jpg 1024w, https:\/\/www.apolinav.cl\/wp-content\/uploads\/2023\/06\/003-5-150x150.jpg 150w, https:\/\/www.apolinav.cl\/wp-content\/uploads\/2023\/06\/003-5-1536x1536.jpg 1536w, https:\/\/www.apolinav.cl\/wp-content\/uploads\/2023\/06\/003-5-2048x2048.jpg 2048w\" sizes=\"auto, (max-width: 300px) 100vw, 300px\" \/><\/a>\n\t\t\t<\/dt><\/dl><br style=\"clear: both\" \/>\n\t\t<\/div>\n\n","protected":false},"excerpt":{"rendered":"<p>Vi\u00f1a del Mar. Este viernes 02 y s\u00e1bado 03 de junio, una delegaci\u00f3n de 60 Alumnos de la Academia Polit\u00e9cnica Naval participaron, en forma voluntaria, de la colecta realizada por la Corporaci\u00f3n de Ayuda al Ni\u00f1o Quemado COANIQUEM, en el centro de la Ciudad de Vi\u00f1a del Mar con el objeto de colaborar con esta [&hellip;]<\/p>\n","protected":false},"author":3,"featured_media":24396,"comment_status":"open","ping_status":"open","sticky":false,"template":"","format":"standard","meta":{"footnotes":""},"categories":[39],"tags":[],"class_list":["post-24395","post","type-post","status-publish","format-standard","has-post-thumbnail","hentry","category-noticias"],"_links":{"self":[{"href":"https:\/\/www.apolinav.cl\/index.php\/wp-json\/wp\/v2\/posts\/24395","targetHints":{"allow":["GET"]}}],"collection":[{"href":"https:\/\/www.apolinav.cl\/index.php\/wp-json\/wp\/v2\/posts"}],"about":[{"href":"https:\/\/www.apolinav.cl\/index.php\/wp-json\/wp\/v2\/types\/post"}],"author":[{"embeddable":true,"href":"https:\/\/www.apolinav.cl\/index.php\/wp-json\/wp\/v2\/users\/3"}],"replies":[{"embeddable":true,"href":"https:\/\/www.apolinav.cl\/index.php\/wp-json\/wp\/v2\/comments?post=24395"}],"version-history":[{"count":1,"href":"https:\/\/www.apolinav.cl\/index.php\/wp-json\/wp\/v2\/posts\/24395\/revisions"}],"predecessor-version":[{"id":24399,"href":"https:\/\/www.apolinav.cl\/index.php\/wp-json\/wp\/v2\/posts\/24395\/revisions\/24399"}],"wp:featuredmedia":[{"embeddable":true,"href":"https:\/\/www.apolinav.cl\/index.php\/wp-json\/wp\/v2\/media\/24396"}],"wp:attachment":[{"href":"https:\/\/www.apolinav.cl\/index.php\/wp-json\/wp\/v2\/media?parent=24395"}],"wp:term":[{"taxonomy":"category","embeddable":true,"href":"https:\/\/www.apolinav.cl\/index.php\/wp-json\/wp\/v2\/categories?post=24395"},{"taxonomy":"post_tag","embeddable":true,"href":"https:\/\/www.apolinav.cl\/index.php\/wp-json\/wp\/v2\/tags?post=24395"}],"curies":[{"name":"wp","href":"https:\/\/api.w.org\/{rel}","templated":true}]}}