{"id":24308,"date":"2023-05-30T09:22:26","date_gmt":"2023-05-30T13:22:26","guid":{"rendered":"https:\/\/www.apolinav.cl\/?p=24308"},"modified":"2023-06-01T09:25:59","modified_gmt":"2023-06-01T13:25:59","slug":"academia-politecnica-naval-suscribio-convenio-con-la-academia-de-historia-naval-y-maritima-de-chile","status":"publish","type":"post","link":"https:\/\/www.apolinav.cl\/index.php\/academia-politecnica-naval-suscribio-convenio-con-la-academia-de-historia-naval-y-maritima-de-chile\/","title":{"rendered":"ACADEMIA POLIT\u00c9CNICA NAVAL SUSCRIBI\u00d3 CONVENIO CON LA ACADEMIA DE HISTORIA NAVAL Y MAR\u00cdTIMA DE CHILE."},"content":{"rendered":"<p>Vi\u00f1a del Mar. este martes 30 de mayo, el Presidente de la Academia de Historia Naval y Mar\u00edtima de Chile, Cristian del Real, suscribi\u00f3 un convenio de colaboraci\u00f3n con el Director de la Academia Polit\u00e9cnica Naval, Capit\u00e1n de Nav\u00edo Fabi\u00e1n Gonz\u00e1lez.<\/p>\n<p>La Academia de Historia Naval y Mar\u00edtima de Chile es una fundaci\u00f3n sin fines de lucro, cuyo objetivo es el cultivo de la historia naval y mar\u00edtima de Chile y dem\u00e1s pa\u00edses iberoamericanos con los cuales nuestro pa\u00eds haya tenido relaciones a lo largo del tiempo.<\/p>\n<p>El Presidente de la Academia de Historia destac\u00f3 la contribuci\u00f3n y v\u00ednculos con la Armada, sobretodo el acrecentar los medios para que est\u00e9n al alcance especialmente de los j\u00f3venes uniformados de la Academia Polit\u00e9cnica Naval. En tanto, el Comandante Gonz\u00e1lez resumi\u00f3 que el objetivo del convenio es realizar actividades conjuntas tendientes a difundir la historia y el patrimonio, la cultura naval y mar\u00edtima contribuyendo en la formaci\u00f3n de los alumnos y ex alumnos.<\/p>\n<p>Posterior a la firma del convenio, se efectu\u00f3 una conferencia sobre el Piloto 1\u00b0 Luis Pardo Villal\u00f3n, titulada \u201cMarino entre Marinos\u201d presentada por el Licenciado y Profesor de Historia de la Pontificia Universidad Cat\u00f3lica de Valpara\u00edso, Francisco Astudillo, quien resume la vida de este marino chileno y sus pasos en la Instituci\u00f3n, para luego detallar el rescate de la expedici\u00f3n de Shackleton.<\/p>\n\n\t\t<style type=\"text\/css\">\n\t\t\t#gallery-1 {\n\t\t\t\tmargin: auto;\n\t\t\t}\n\t\t\t#gallery-1 .gallery-item {\n\t\t\t\tfloat: left;\n\t\t\t\tmargin-top: 10px;\n\t\t\t\ttext-align: center;\n\t\t\t\twidth: 33%;\n\t\t\t}\n\t\t\t#gallery-1 img {\n\t\t\t\tborder: 2px solid #cfcfcf;\n\t\t\t}\n\t\t\t#gallery-1 .gallery-caption {\n\t\t\t\tmargin-left: 0;\n\t\t\t}\n\t\t\t\/* see gallery_shortcode() in wp-includes\/media.php *\/\n\t\t<\/style>\n\t\t<div id='gallery-1' class='gallery galleryid-24308 gallery-columns-3 gallery-size-medium'><dl class='gallery-item'>\n\t\t\t<dt class='gallery-icon landscape'>\n\t\t\t\t<a href='https:\/\/www.apolinav.cl\/wp-content\/uploads\/2023\/06\/001-1.jpg'><img loading=\"lazy\" decoding=\"async\" width=\"300\" height=\"300\" src=\"https:\/\/www.apolinav.cl\/wp-content\/uploads\/2023\/06\/001-1-300x300.jpg\" class=\"attachment-medium size-medium\" alt=\"\" srcset=\"https:\/\/www.apolinav.cl\/wp-content\/uploads\/2023\/06\/001-1-300x300.jpg 300w, https:\/\/www.apolinav.cl\/wp-content\/uploads\/2023\/06\/001-1-1024x1024.jpg 1024w, https:\/\/www.apolinav.cl\/wp-content\/uploads\/2023\/06\/001-1-150x150.jpg 150w, https:\/\/www.apolinav.cl\/wp-content\/uploads\/2023\/06\/001-1-1536x1536.jpg 1536w, https:\/\/www.apolinav.cl\/wp-content\/uploads\/2023\/06\/001-1-2048x2048.jpg 2048w\" sizes=\"auto, (max-width: 300px) 100vw, 300px\" \/><\/a>\n\t\t\t<\/dt><\/dl><dl class='gallery-item'>\n\t\t\t<dt class='gallery-icon landscape'>\n\t\t\t\t<a href='https:\/\/www.apolinav.cl\/wp-content\/uploads\/2023\/06\/003-1-scaled.jpg'><img loading=\"lazy\" decoding=\"async\" width=\"300\" height=\"300\" src=\"https:\/\/www.apolinav.cl\/wp-content\/uploads\/2023\/06\/003-1-300x300.jpg\" class=\"attachment-medium size-medium\" alt=\"\" srcset=\"https:\/\/www.apolinav.cl\/wp-content\/uploads\/2023\/06\/003-1-300x300.jpg 300w, https:\/\/www.apolinav.cl\/wp-content\/uploads\/2023\/06\/003-1-1024x1024.jpg 1024w, https:\/\/www.apolinav.cl\/wp-content\/uploads\/2023\/06\/003-1-150x150.jpg 150w, https:\/\/www.apolinav.cl\/wp-content\/uploads\/2023\/06\/003-1-1536x1536.jpg 1536w, https:\/\/www.apolinav.cl\/wp-content\/uploads\/2023\/06\/003-1-2048x2048.jpg 2048w\" sizes=\"auto, (max-width: 300px) 100vw, 300px\" \/><\/a>\n\t\t\t<\/dt><\/dl><dl class='gallery-item'>\n\t\t\t<dt class='gallery-icon landscape'>\n\t\t\t\t<a href='https:\/\/www.apolinav.cl\/wp-content\/uploads\/2023\/06\/004-scaled.jpg'><img loading=\"lazy\" decoding=\"async\" width=\"300\" height=\"300\" src=\"https:\/\/www.apolinav.cl\/wp-content\/uploads\/2023\/06\/004-300x300.jpg\" class=\"attachment-medium size-medium\" alt=\"\" srcset=\"https:\/\/www.apolinav.cl\/wp-content\/uploads\/2023\/06\/004-300x300.jpg 300w, https:\/\/www.apolinav.cl\/wp-content\/uploads\/2023\/06\/004-1024x1024.jpg 1024w, https:\/\/www.apolinav.cl\/wp-content\/uploads\/2023\/06\/004-150x150.jpg 150w, https:\/\/www.apolinav.cl\/wp-content\/uploads\/2023\/06\/004-1536x1536.jpg 1536w, https:\/\/www.apolinav.cl\/wp-content\/uploads\/2023\/06\/004-2048x2048.jpg 2048w\" sizes=\"auto, (max-width: 300px) 100vw, 300px\" \/><\/a>\n\t\t\t<\/dt><\/dl><br style=\"clear: both\" \/><dl class='gallery-item'>\n\t\t\t<dt class='gallery-icon landscape'>\n\t\t\t\t<a href='https:\/\/www.apolinav.cl\/wp-content\/uploads\/2023\/06\/007-1-scaled.jpg'><img loading=\"lazy\" decoding=\"async\" width=\"300\" height=\"300\" src=\"https:\/\/www.apolinav.cl\/wp-content\/uploads\/2023\/06\/007-1-300x300.jpg\" class=\"attachment-medium size-medium\" alt=\"\" srcset=\"https:\/\/www.apolinav.cl\/wp-content\/uploads\/2023\/06\/007-1-300x300.jpg 300w, https:\/\/www.apolinav.cl\/wp-content\/uploads\/2023\/06\/007-1-1024x1024.jpg 1024w, https:\/\/www.apolinav.cl\/wp-content\/uploads\/2023\/06\/007-1-150x150.jpg 150w, https:\/\/www.apolinav.cl\/wp-content\/uploads\/2023\/06\/007-1-1536x1536.jpg 1536w, https:\/\/www.apolinav.cl\/wp-content\/uploads\/2023\/06\/007-1-2048x2048.jpg 2048w\" sizes=\"auto, (max-width: 300px) 100vw, 300px\" \/><\/a>\n\t\t\t<\/dt><\/dl><dl class='gallery-item'>\n\t\t\t<dt class='gallery-icon landscape'>\n\t\t\t\t<a href='https:\/\/www.apolinav.cl\/wp-content\/uploads\/2023\/06\/008-1-scaled.jpg'><img loading=\"lazy\" decoding=\"async\" width=\"300\" height=\"300\" src=\"https:\/\/www.apolinav.cl\/wp-content\/uploads\/2023\/06\/008-1-300x300.jpg\" class=\"attachment-medium size-medium\" alt=\"\" srcset=\"https:\/\/www.apolinav.cl\/wp-content\/uploads\/2023\/06\/008-1-300x300.jpg 300w, https:\/\/www.apolinav.cl\/wp-content\/uploads\/2023\/06\/008-1-1024x1024.jpg 1024w, https:\/\/www.apolinav.cl\/wp-content\/uploads\/2023\/06\/008-1-150x150.jpg 150w, https:\/\/www.apolinav.cl\/wp-content\/uploads\/2023\/06\/008-1-1536x1536.jpg 1536w, https:\/\/www.apolinav.cl\/wp-content\/uploads\/2023\/06\/008-1-2048x2048.jpg 2048w\" sizes=\"auto, (max-width: 300px) 100vw, 300px\" \/><\/a>\n\t\t\t<\/dt><\/dl><dl class='gallery-item'>\n\t\t\t<dt class='gallery-icon landscape'>\n\t\t\t\t<a href='https:\/\/www.apolinav.cl\/wp-content\/uploads\/2023\/06\/009-scaled.jpg'><img loading=\"lazy\" decoding=\"async\" width=\"300\" height=\"300\" src=\"https:\/\/www.apolinav.cl\/wp-content\/uploads\/2023\/06\/009-300x300.jpg\" class=\"attachment-medium size-medium\" alt=\"\" srcset=\"https:\/\/www.apolinav.cl\/wp-content\/uploads\/2023\/06\/009-300x300.jpg 300w, https:\/\/www.apolinav.cl\/wp-content\/uploads\/2023\/06\/009-1024x1024.jpg 1024w, https:\/\/www.apolinav.cl\/wp-content\/uploads\/2023\/06\/009-150x150.jpg 150w, https:\/\/www.apolinav.cl\/wp-content\/uploads\/2023\/06\/009-1536x1536.jpg 1536w, https:\/\/www.apolinav.cl\/wp-content\/uploads\/2023\/06\/009-2048x2048.jpg 2048w\" sizes=\"auto, (max-width: 300px) 100vw, 300px\" \/><\/a>\n\t\t\t<\/dt><\/dl><br style=\"clear: both\" \/>\n\t\t<\/div>\n\n<p>&nbsp;<\/p>\n","protected":false},"excerpt":{"rendered":"<p>Vi\u00f1a del Mar. este martes 30 de mayo, el Presidente de la Academia de Historia Naval y Mar\u00edtima de Chile, Cristian del Real, suscribi\u00f3 un convenio de colaboraci\u00f3n con el Director de la Academia Polit\u00e9cnica Naval, Capit\u00e1n de Nav\u00edo Fabi\u00e1n Gonz\u00e1lez. La Academia de Historia Naval y Mar\u00edtima de Chile es una fundaci\u00f3n sin fines [&hellip;]<\/p>\n","protected":false},"author":3,"featured_media":24309,"comment_status":"open","ping_status":"open","sticky":false,"template":"","format":"standard","meta":{"footnotes":""},"categories":[39],"tags":[],"class_list":["post-24308","post","type-post","status-publish","format-standard","has-post-thumbnail","hentry","category-noticias"],"_links":{"self":[{"href":"https:\/\/www.apolinav.cl\/index.php\/wp-json\/wp\/v2\/posts\/24308","targetHints":{"allow":["GET"]}}],"collection":[{"href":"https:\/\/www.apolinav.cl\/index.php\/wp-json\/wp\/v2\/posts"}],"about":[{"href":"https:\/\/www.apolinav.cl\/index.php\/wp-json\/wp\/v2\/types\/post"}],"author":[{"embeddable":true,"href":"https:\/\/www.apolinav.cl\/index.php\/wp-json\/wp\/v2\/users\/3"}],"replies":[{"embeddable":true,"href":"https:\/\/www.apolinav.cl\/index.php\/wp-json\/wp\/v2\/comments?post=24308"}],"version-history":[{"count":1,"href":"https:\/\/www.apolinav.cl\/index.php\/wp-json\/wp\/v2\/posts\/24308\/revisions"}],"predecessor-version":[{"id":24315,"href":"https:\/\/www.apolinav.cl\/index.php\/wp-json\/wp\/v2\/posts\/24308\/revisions\/24315"}],"wp:featuredmedia":[{"embeddable":true,"href":"https:\/\/www.apolinav.cl\/index.php\/wp-json\/wp\/v2\/media\/24309"}],"wp:attachment":[{"href":"https:\/\/www.apolinav.cl\/index.php\/wp-json\/wp\/v2\/media?parent=24308"}],"wp:term":[{"taxonomy":"category","embeddable":true,"href":"https:\/\/www.apolinav.cl\/index.php\/wp-json\/wp\/v2\/categories?post=24308"},{"taxonomy":"post_tag","embeddable":true,"href":"https:\/\/www.apolinav.cl\/index.php\/wp-json\/wp\/v2\/tags?post=24308"}],"curies":[{"name":"wp","href":"https:\/\/api.w.org\/{rel}","templated":true}]}}