{"id":24155,"date":"2023-05-18T11:12:02","date_gmt":"2023-05-18T15:12:02","guid":{"rendered":"https:\/\/www.apolinav.cl\/?p=24155"},"modified":"2023-05-22T11:14:45","modified_gmt":"2023-05-22T15:14:45","slug":"personal-de-la-academia-politecnica-naval-se-prepara-en-la-universidad-de-los-andes","status":"publish","type":"post","link":"https:\/\/www.apolinav.cl\/index.php\/personal-de-la-academia-politecnica-naval-se-prepara-en-la-universidad-de-los-andes\/","title":{"rendered":"PERSONAL DE LA ACADEMIA POLIT\u00c9CNICA NAVAL SE PREPARA EN LA UNIVERSIDAD DE LOS ANDES."},"content":{"rendered":"<p>Santiago. El jueves 18 de mayo, en la Universidad de Los Andes, se realiz\u00f3 la ceremonia de entrega de la certificaci\u00f3n del \u201cDiplomado en Gesti\u00f3n Estrat\u00e9gica de la Innovaci\u00f3n\u201d dictado por esa casa de Estudios en colaboraci\u00f3n con la Academia Polit\u00e9cnica Naval.<\/p>\n<p>En la ceremonia, el Subdirector Acad\u00e9mico de la A.P.N., Capit\u00e1n de Nav\u00edo Francisco Mac-kay Imboden felicit\u00f3 a los egresados de la Academia Polit\u00e9cnica los que se contin\u00faan capacitando para liderar y\/o gestionar procesos de innovaci\u00f3n en nuestra Instituci\u00f3n.<\/p>\n\n\t\t<style type=\"text\/css\">\n\t\t\t#gallery-1 {\n\t\t\t\tmargin: auto;\n\t\t\t}\n\t\t\t#gallery-1 .gallery-item {\n\t\t\t\tfloat: left;\n\t\t\t\tmargin-top: 10px;\n\t\t\t\ttext-align: center;\n\t\t\t\twidth: 33%;\n\t\t\t}\n\t\t\t#gallery-1 img {\n\t\t\t\tborder: 2px solid #cfcfcf;\n\t\t\t}\n\t\t\t#gallery-1 .gallery-caption {\n\t\t\t\tmargin-left: 0;\n\t\t\t}\n\t\t\t\/* see gallery_shortcode() in wp-includes\/media.php *\/\n\t\t<\/style>\n\t\t<div id='gallery-1' class='gallery galleryid-24155 gallery-columns-3 gallery-size-medium'><dl class='gallery-item'>\n\t\t\t<dt class='gallery-icon landscape'>\n\t\t\t\t<a href='https:\/\/www.apolinav.cl\/wp-content\/uploads\/2023\/05\/001-18.jpg'><img loading=\"lazy\" decoding=\"async\" width=\"300\" height=\"300\" src=\"https:\/\/www.apolinav.cl\/wp-content\/uploads\/2023\/05\/001-18-300x300.jpg\" class=\"attachment-medium size-medium\" alt=\"\" srcset=\"https:\/\/www.apolinav.cl\/wp-content\/uploads\/2023\/05\/001-18-300x300.jpg 300w, https:\/\/www.apolinav.cl\/wp-content\/uploads\/2023\/05\/001-18-1024x1024.jpg 1024w, https:\/\/www.apolinav.cl\/wp-content\/uploads\/2023\/05\/001-18-150x150.jpg 150w, https:\/\/www.apolinav.cl\/wp-content\/uploads\/2023\/05\/001-18-1536x1536.jpg 1536w, https:\/\/www.apolinav.cl\/wp-content\/uploads\/2023\/05\/001-18-2048x2048.jpg 2048w\" sizes=\"auto, (max-width: 300px) 100vw, 300px\" \/><\/a>\n\t\t\t<\/dt><\/dl><dl class='gallery-item'>\n\t\t\t<dt class='gallery-icon landscape'>\n\t\t\t\t<a href='https:\/\/www.apolinav.cl\/wp-content\/uploads\/2023\/05\/002-18.jpg'><img loading=\"lazy\" decoding=\"async\" width=\"300\" height=\"300\" src=\"https:\/\/www.apolinav.cl\/wp-content\/uploads\/2023\/05\/002-18-300x300.jpg\" class=\"attachment-medium size-medium\" alt=\"\" srcset=\"https:\/\/www.apolinav.cl\/wp-content\/uploads\/2023\/05\/002-18-300x300.jpg 300w, https:\/\/www.apolinav.cl\/wp-content\/uploads\/2023\/05\/002-18-1024x1024.jpg 1024w, https:\/\/www.apolinav.cl\/wp-content\/uploads\/2023\/05\/002-18-150x150.jpg 150w, https:\/\/www.apolinav.cl\/wp-content\/uploads\/2023\/05\/002-18-1536x1536.jpg 1536w, https:\/\/www.apolinav.cl\/wp-content\/uploads\/2023\/05\/002-18-2048x2048.jpg 2048w\" sizes=\"auto, (max-width: 300px) 100vw, 300px\" \/><\/a>\n\t\t\t<\/dt><\/dl><dl class='gallery-item'>\n\t\t\t<dt class='gallery-icon landscape'>\n\t\t\t\t<a href='https:\/\/www.apolinav.cl\/wp-content\/uploads\/2023\/05\/003-18.jpg'><img loading=\"lazy\" decoding=\"async\" width=\"300\" height=\"300\" src=\"https:\/\/www.apolinav.cl\/wp-content\/uploads\/2023\/05\/003-18-300x300.jpg\" class=\"attachment-medium size-medium\" alt=\"\" srcset=\"https:\/\/www.apolinav.cl\/wp-content\/uploads\/2023\/05\/003-18-300x300.jpg 300w, https:\/\/www.apolinav.cl\/wp-content\/uploads\/2023\/05\/003-18-1024x1024.jpg 1024w, https:\/\/www.apolinav.cl\/wp-content\/uploads\/2023\/05\/003-18-150x150.jpg 150w, https:\/\/www.apolinav.cl\/wp-content\/uploads\/2023\/05\/003-18-1536x1536.jpg 1536w, https:\/\/www.apolinav.cl\/wp-content\/uploads\/2023\/05\/003-18-2048x2048.jpg 2048w\" sizes=\"auto, (max-width: 300px) 100vw, 300px\" \/><\/a>\n\t\t\t<\/dt><\/dl><br style=\"clear: both\" \/><dl class='gallery-item'>\n\t\t\t<dt class='gallery-icon portrait'>\n\t\t\t\t<a href='https:\/\/www.apolinav.cl\/wp-content\/uploads\/2023\/05\/004-17.jpg'><img loading=\"lazy\" decoding=\"async\" width=\"300\" height=\"300\" src=\"https:\/\/www.apolinav.cl\/wp-content\/uploads\/2023\/05\/004-17-300x300.jpg\" class=\"attachment-medium size-medium\" alt=\"\" srcset=\"https:\/\/www.apolinav.cl\/wp-content\/uploads\/2023\/05\/004-17-300x300.jpg 300w, https:\/\/www.apolinav.cl\/wp-content\/uploads\/2023\/05\/004-17-1024x1024.jpg 1024w, https:\/\/www.apolinav.cl\/wp-content\/uploads\/2023\/05\/004-17-150x150.jpg 150w, https:\/\/www.apolinav.cl\/wp-content\/uploads\/2023\/05\/004-17-1536x1536.jpg 1536w, https:\/\/www.apolinav.cl\/wp-content\/uploads\/2023\/05\/004-17-2048x2048.jpg 2048w\" sizes=\"auto, (max-width: 300px) 100vw, 300px\" \/><\/a>\n\t\t\t<\/dt><\/dl><dl class='gallery-item'>\n\t\t\t<dt class='gallery-icon portrait'>\n\t\t\t\t<a href='https:\/\/www.apolinav.cl\/wp-content\/uploads\/2023\/05\/005-15.jpg'><img loading=\"lazy\" decoding=\"async\" width=\"300\" height=\"300\" src=\"https:\/\/www.apolinav.cl\/wp-content\/uploads\/2023\/05\/005-15-300x300.jpg\" class=\"attachment-medium size-medium\" alt=\"\" srcset=\"https:\/\/www.apolinav.cl\/wp-content\/uploads\/2023\/05\/005-15-300x300.jpg 300w, https:\/\/www.apolinav.cl\/wp-content\/uploads\/2023\/05\/005-15-1024x1024.jpg 1024w, https:\/\/www.apolinav.cl\/wp-content\/uploads\/2023\/05\/005-15-150x150.jpg 150w, https:\/\/www.apolinav.cl\/wp-content\/uploads\/2023\/05\/005-15-1536x1536.jpg 1536w, https:\/\/www.apolinav.cl\/wp-content\/uploads\/2023\/05\/005-15-2048x2048.jpg 2048w\" sizes=\"auto, (max-width: 300px) 100vw, 300px\" \/><\/a>\n\t\t\t<\/dt><\/dl><dl class='gallery-item'>\n\t\t\t<dt class='gallery-icon portrait'>\n\t\t\t\t<a href='https:\/\/www.apolinav.cl\/wp-content\/uploads\/2023\/05\/006-15.jpg'><img loading=\"lazy\" decoding=\"async\" width=\"300\" height=\"300\" src=\"https:\/\/www.apolinav.cl\/wp-content\/uploads\/2023\/05\/006-15-300x300.jpg\" class=\"attachment-medium size-medium\" alt=\"\" srcset=\"https:\/\/www.apolinav.cl\/wp-content\/uploads\/2023\/05\/006-15-300x300.jpg 300w, https:\/\/www.apolinav.cl\/wp-content\/uploads\/2023\/05\/006-15-1024x1024.jpg 1024w, https:\/\/www.apolinav.cl\/wp-content\/uploads\/2023\/05\/006-15-150x150.jpg 150w, https:\/\/www.apolinav.cl\/wp-content\/uploads\/2023\/05\/006-15-1536x1536.jpg 1536w, https:\/\/www.apolinav.cl\/wp-content\/uploads\/2023\/05\/006-15-2048x2048.jpg 2048w\" sizes=\"auto, (max-width: 300px) 100vw, 300px\" \/><\/a>\n\t\t\t<\/dt><\/dl><br style=\"clear: both\" \/>\n\t\t<\/div>\n\n","protected":false},"excerpt":{"rendered":"<p>Santiago. El jueves 18 de mayo, en la Universidad de Los Andes, se realiz\u00f3 la ceremonia de entrega de la certificaci\u00f3n del \u201cDiplomado en Gesti\u00f3n Estrat\u00e9gica de la Innovaci\u00f3n\u201d dictado por esa casa de Estudios en colaboraci\u00f3n con la Academia Polit\u00e9cnica Naval. En la ceremonia, el Subdirector Acad\u00e9mico de la A.P.N., Capit\u00e1n de Nav\u00edo Francisco [&hellip;]<\/p>\n","protected":false},"author":3,"featured_media":24156,"comment_status":"open","ping_status":"open","sticky":false,"template":"","format":"standard","meta":{"footnotes":""},"categories":[39],"tags":[],"class_list":["post-24155","post","type-post","status-publish","format-standard","has-post-thumbnail","hentry","category-noticias"],"_links":{"self":[{"href":"https:\/\/www.apolinav.cl\/index.php\/wp-json\/wp\/v2\/posts\/24155","targetHints":{"allow":["GET"]}}],"collection":[{"href":"https:\/\/www.apolinav.cl\/index.php\/wp-json\/wp\/v2\/posts"}],"about":[{"href":"https:\/\/www.apolinav.cl\/index.php\/wp-json\/wp\/v2\/types\/post"}],"author":[{"embeddable":true,"href":"https:\/\/www.apolinav.cl\/index.php\/wp-json\/wp\/v2\/users\/3"}],"replies":[{"embeddable":true,"href":"https:\/\/www.apolinav.cl\/index.php\/wp-json\/wp\/v2\/comments?post=24155"}],"version-history":[{"count":1,"href":"https:\/\/www.apolinav.cl\/index.php\/wp-json\/wp\/v2\/posts\/24155\/revisions"}],"predecessor-version":[{"id":24162,"href":"https:\/\/www.apolinav.cl\/index.php\/wp-json\/wp\/v2\/posts\/24155\/revisions\/24162"}],"wp:featuredmedia":[{"embeddable":true,"href":"https:\/\/www.apolinav.cl\/index.php\/wp-json\/wp\/v2\/media\/24156"}],"wp:attachment":[{"href":"https:\/\/www.apolinav.cl\/index.php\/wp-json\/wp\/v2\/media?parent=24155"}],"wp:term":[{"taxonomy":"category","embeddable":true,"href":"https:\/\/www.apolinav.cl\/index.php\/wp-json\/wp\/v2\/categories?post=24155"},{"taxonomy":"post_tag","embeddable":true,"href":"https:\/\/www.apolinav.cl\/index.php\/wp-json\/wp\/v2\/tags?post=24155"}],"curies":[{"name":"wp","href":"https:\/\/api.w.org\/{rel}","templated":true}]}}