{"id":23823,"date":"2023-04-28T14:37:44","date_gmt":"2023-04-28T18:37:44","guid":{"rendered":"https:\/\/www.apolinav.cl\/?p=23823"},"modified":"2023-05-04T14:41:02","modified_gmt":"2023-05-04T18:41:02","slug":"condestable-mayor-del-cuerpo-de-infanteria-de-marina-se-reunio-con-alumnos-de-la-academia-politecnica-naval","status":"publish","type":"post","link":"https:\/\/www.apolinav.cl\/index.php\/condestable-mayor-del-cuerpo-de-infanteria-de-marina-se-reunio-con-alumnos-de-la-academia-politecnica-naval\/","title":{"rendered":"CONDESTABLE MAYOR DEL CUERPO DE INFANTER\u00cdA DE MARINA SE REUNI\u00d3 CON ALUMNOS DE LA ACADEMIA POLIT\u00c9CNICA NAVAL."},"content":{"rendered":"<p>Vi\u00f1a del Mar. El pasado 28 de abril, en la Academia Polit\u00e9cnica Naval, el Condestable Mayor del Cuerpo de Infanter\u00eda de Marina se reuni\u00f3 con alumnos Infantes de Marina de la APN, motiv\u00e1ndolos a perfeccionarse en su carrera profesional.<\/p>\n<p>En el patio \u201cLos H\u00e9roes\u201d del Campus Charles, de la Academia Polit\u00e9cnica Naval, el Suboficial Mayor Infante de Marina Claudio Placencia, perteneciente a la Brigada Anfibia Expedicionaria, acompa\u00f1ado del cuadro de Suboficiales Infantes de Marina de las diferentes reparticiones IM, se reunieron con los alumnos Grumetes de la Escuela de Infanter\u00eda de Marina.<\/p>\n<p>La actividad, coordinada por el Condestable Mayor del Campus, Suboficial Mayor IM Pedro Haase y el Suboficial IM Patricio Rivas, se realiz\u00f3 en el marco de la preparaci\u00f3n profesional de los j\u00f3venes alumnos IM para ser integrantes de la Armada de Chile. El Condestable Mayor del Cuerpo de Infanter\u00eda de Marina, despu\u00e9s de resumirles su vida profesional y lo que significa ser \u201csoldados del mar\u201d y vestir mimetizado, los motiv\u00f3 a cumplir fielmente con lo que la Patria requiere, actividad que finaliz\u00f3 con un regalo de un bander\u00edn del Cuerpo IM. entregado por los alumnos.<\/p>\n\n\t\t<style type=\"text\/css\">\n\t\t\t#gallery-1 {\n\t\t\t\tmargin: auto;\n\t\t\t}\n\t\t\t#gallery-1 .gallery-item {\n\t\t\t\tfloat: left;\n\t\t\t\tmargin-top: 10px;\n\t\t\t\ttext-align: center;\n\t\t\t\twidth: 33%;\n\t\t\t}\n\t\t\t#gallery-1 img {\n\t\t\t\tborder: 2px solid #cfcfcf;\n\t\t\t}\n\t\t\t#gallery-1 .gallery-caption {\n\t\t\t\tmargin-left: 0;\n\t\t\t}\n\t\t\t\/* see gallery_shortcode() in wp-includes\/media.php *\/\n\t\t<\/style>\n\t\t<div id='gallery-1' class='gallery galleryid-23823 gallery-columns-3 gallery-size-medium'><dl class='gallery-item'>\n\t\t\t<dt class='gallery-icon landscape'>\n\t\t\t\t<a href='https:\/\/www.apolinav.cl\/wp-content\/uploads\/2023\/05\/001-3.jpg'><img loading=\"lazy\" decoding=\"async\" width=\"300\" height=\"300\" src=\"https:\/\/www.apolinav.cl\/wp-content\/uploads\/2023\/05\/001-3-300x300.jpg\" class=\"attachment-medium size-medium\" alt=\"\" srcset=\"https:\/\/www.apolinav.cl\/wp-content\/uploads\/2023\/05\/001-3-300x300.jpg 300w, https:\/\/www.apolinav.cl\/wp-content\/uploads\/2023\/05\/001-3-1024x1024.jpg 1024w, https:\/\/www.apolinav.cl\/wp-content\/uploads\/2023\/05\/001-3-150x150.jpg 150w, https:\/\/www.apolinav.cl\/wp-content\/uploads\/2023\/05\/001-3-1536x1536.jpg 1536w, https:\/\/www.apolinav.cl\/wp-content\/uploads\/2023\/05\/001-3-2048x2048.jpg 2048w\" sizes=\"auto, (max-width: 300px) 100vw, 300px\" \/><\/a>\n\t\t\t<\/dt><\/dl><dl class='gallery-item'>\n\t\t\t<dt class='gallery-icon landscape'>\n\t\t\t\t<a href='https:\/\/www.apolinav.cl\/wp-content\/uploads\/2023\/05\/003-3.jpg'><img loading=\"lazy\" decoding=\"async\" width=\"300\" height=\"300\" src=\"https:\/\/www.apolinav.cl\/wp-content\/uploads\/2023\/05\/003-3-300x300.jpg\" class=\"attachment-medium size-medium\" alt=\"\" srcset=\"https:\/\/www.apolinav.cl\/wp-content\/uploads\/2023\/05\/003-3-300x300.jpg 300w, https:\/\/www.apolinav.cl\/wp-content\/uploads\/2023\/05\/003-3-1024x1024.jpg 1024w, https:\/\/www.apolinav.cl\/wp-content\/uploads\/2023\/05\/003-3-150x150.jpg 150w, https:\/\/www.apolinav.cl\/wp-content\/uploads\/2023\/05\/003-3-1536x1536.jpg 1536w, https:\/\/www.apolinav.cl\/wp-content\/uploads\/2023\/05\/003-3-2048x2048.jpg 2048w\" sizes=\"auto, (max-width: 300px) 100vw, 300px\" \/><\/a>\n\t\t\t<\/dt><\/dl><dl class='gallery-item'>\n\t\t\t<dt class='gallery-icon landscape'>\n\t\t\t\t<a href='https:\/\/www.apolinav.cl\/wp-content\/uploads\/2023\/05\/002-3.jpg'><img loading=\"lazy\" decoding=\"async\" width=\"300\" height=\"300\" src=\"https:\/\/www.apolinav.cl\/wp-content\/uploads\/2023\/05\/002-3-300x300.jpg\" class=\"attachment-medium size-medium\" alt=\"\" srcset=\"https:\/\/www.apolinav.cl\/wp-content\/uploads\/2023\/05\/002-3-300x300.jpg 300w, https:\/\/www.apolinav.cl\/wp-content\/uploads\/2023\/05\/002-3-1024x1024.jpg 1024w, https:\/\/www.apolinav.cl\/wp-content\/uploads\/2023\/05\/002-3-150x150.jpg 150w, https:\/\/www.apolinav.cl\/wp-content\/uploads\/2023\/05\/002-3-1536x1536.jpg 1536w, https:\/\/www.apolinav.cl\/wp-content\/uploads\/2023\/05\/002-3-2048x2048.jpg 2048w\" sizes=\"auto, (max-width: 300px) 100vw, 300px\" \/><\/a>\n\t\t\t<\/dt><\/dl><br style=\"clear: both\" \/>\n\t\t<\/div>\n\n","protected":false},"excerpt":{"rendered":"<p>Vi\u00f1a del Mar. El pasado 28 de abril, en la Academia Polit\u00e9cnica Naval, el Condestable Mayor del Cuerpo de Infanter\u00eda de Marina se reuni\u00f3 con alumnos Infantes de Marina de la APN, motiv\u00e1ndolos a perfeccionarse en su carrera profesional. En el patio \u201cLos H\u00e9roes\u201d del Campus Charles, de la Academia Polit\u00e9cnica Naval, el Suboficial Mayor [&hellip;]<\/p>\n","protected":false},"author":3,"featured_media":23824,"comment_status":"open","ping_status":"open","sticky":false,"template":"","format":"standard","meta":{"footnotes":""},"categories":[39],"tags":[],"class_list":["post-23823","post","type-post","status-publish","format-standard","has-post-thumbnail","hentry","category-noticias"],"_links":{"self":[{"href":"https:\/\/www.apolinav.cl\/index.php\/wp-json\/wp\/v2\/posts\/23823","targetHints":{"allow":["GET"]}}],"collection":[{"href":"https:\/\/www.apolinav.cl\/index.php\/wp-json\/wp\/v2\/posts"}],"about":[{"href":"https:\/\/www.apolinav.cl\/index.php\/wp-json\/wp\/v2\/types\/post"}],"author":[{"embeddable":true,"href":"https:\/\/www.apolinav.cl\/index.php\/wp-json\/wp\/v2\/users\/3"}],"replies":[{"embeddable":true,"href":"https:\/\/www.apolinav.cl\/index.php\/wp-json\/wp\/v2\/comments?post=23823"}],"version-history":[{"count":1,"href":"https:\/\/www.apolinav.cl\/index.php\/wp-json\/wp\/v2\/posts\/23823\/revisions"}],"predecessor-version":[{"id":23828,"href":"https:\/\/www.apolinav.cl\/index.php\/wp-json\/wp\/v2\/posts\/23823\/revisions\/23828"}],"wp:featuredmedia":[{"embeddable":true,"href":"https:\/\/www.apolinav.cl\/index.php\/wp-json\/wp\/v2\/media\/23824"}],"wp:attachment":[{"href":"https:\/\/www.apolinav.cl\/index.php\/wp-json\/wp\/v2\/media?parent=23823"}],"wp:term":[{"taxonomy":"category","embeddable":true,"href":"https:\/\/www.apolinav.cl\/index.php\/wp-json\/wp\/v2\/categories?post=23823"},{"taxonomy":"post_tag","embeddable":true,"href":"https:\/\/www.apolinav.cl\/index.php\/wp-json\/wp\/v2\/tags?post=23823"}],"curies":[{"name":"wp","href":"https:\/\/api.w.org\/{rel}","templated":true}]}}