{"id":23799,"date":"2023-04-27T09:41:38","date_gmt":"2023-04-27T13:41:38","guid":{"rendered":"https:\/\/www.apolinav.cl\/?p=23799"},"modified":"2023-05-03T09:44:14","modified_gmt":"2023-05-03T13:44:14","slug":"delegacion-de-la-academia-politecnica-naval-efectuo-saludos-protocolares-a-carabineros-de-chile-de-gomez-carreno","status":"publish","type":"post","link":"https:\/\/www.apolinav.cl\/index.php\/delegacion-de-la-academia-politecnica-naval-efectuo-saludos-protocolares-a-carabineros-de-chile-de-gomez-carreno\/","title":{"rendered":"DELEGACI\u00d3N DE LA ACADEMIA POLIT\u00c9CNICA NAVAL EFECTU\u00d3 SALUDOS PROTOCOLARES A CARABINEROS DE CHILE DE GOMEZ CARRE\u00d1O."},"content":{"rendered":"<p>En el marco de la conmemoraci\u00f3n del aniversario de los 96 a\u00f1os de Carabineros de Chile, el jueves 27 de abril, una delegaci\u00f3n de la Academia Polit\u00e9cnica Naval realiz\u00f3 saludos protocolares a la Comisar\u00eda de G\u00f3mez Carre\u00f1o de la ciudad de Vi\u00f1a del Mar.<\/p>\n<p>La delegaci\u00f3n de la Academia Polit\u00e9cnica Naval, a cargo del Capit\u00e1n de Fragata Adolfo Weber y acompa\u00f1ado del Condestable Suboficial Mayor Pedro Haase e integrantes de la Banda de M\u00fasicos, representaron a la Armada en una sencilla ceremonia de izamiento del Pabell\u00f3n Nacional.<\/p>\n<p>La solemne ceremonia finaliz\u00f3 con las felicitaciones del Comandante Weber a los Camaradas de Carabineros por la entrega y compromiso de la Instituci\u00f3n con nuestros compatriotas entregado al Mando de Carabineros.<\/p>\n\n\t\t<style type=\"text\/css\">\n\t\t\t#gallery-1 {\n\t\t\t\tmargin: auto;\n\t\t\t}\n\t\t\t#gallery-1 .gallery-item {\n\t\t\t\tfloat: left;\n\t\t\t\tmargin-top: 10px;\n\t\t\t\ttext-align: center;\n\t\t\t\twidth: 33%;\n\t\t\t}\n\t\t\t#gallery-1 img {\n\t\t\t\tborder: 2px solid #cfcfcf;\n\t\t\t}\n\t\t\t#gallery-1 .gallery-caption {\n\t\t\t\tmargin-left: 0;\n\t\t\t}\n\t\t\t\/* see gallery_shortcode() in wp-includes\/media.php *\/\n\t\t<\/style>\n\t\t<div id='gallery-1' class='gallery galleryid-23799 gallery-columns-3 gallery-size-medium'><dl class='gallery-item'>\n\t\t\t<dt class='gallery-icon landscape'>\n\t\t\t\t<a href='https:\/\/www.apolinav.cl\/wp-content\/uploads\/2023\/05\/001-2.jpg'><img loading=\"lazy\" decoding=\"async\" width=\"300\" height=\"300\" src=\"https:\/\/www.apolinav.cl\/wp-content\/uploads\/2023\/05\/001-2-300x300.jpg\" class=\"attachment-medium size-medium\" alt=\"\" srcset=\"https:\/\/www.apolinav.cl\/wp-content\/uploads\/2023\/05\/001-2-300x300.jpg 300w, https:\/\/www.apolinav.cl\/wp-content\/uploads\/2023\/05\/001-2-1024x1024.jpg 1024w, https:\/\/www.apolinav.cl\/wp-content\/uploads\/2023\/05\/001-2-150x150.jpg 150w, https:\/\/www.apolinav.cl\/wp-content\/uploads\/2023\/05\/001-2-1536x1536.jpg 1536w, https:\/\/www.apolinav.cl\/wp-content\/uploads\/2023\/05\/001-2-2048x2048.jpg 2048w\" sizes=\"auto, (max-width: 300px) 100vw, 300px\" \/><\/a>\n\t\t\t<\/dt><\/dl><dl class='gallery-item'>\n\t\t\t<dt class='gallery-icon landscape'>\n\t\t\t\t<a href='https:\/\/www.apolinav.cl\/wp-content\/uploads\/2023\/05\/002-2.jpg'><img loading=\"lazy\" decoding=\"async\" width=\"300\" height=\"300\" src=\"https:\/\/www.apolinav.cl\/wp-content\/uploads\/2023\/05\/002-2-300x300.jpg\" class=\"attachment-medium size-medium\" alt=\"\" srcset=\"https:\/\/www.apolinav.cl\/wp-content\/uploads\/2023\/05\/002-2-300x300.jpg 300w, https:\/\/www.apolinav.cl\/wp-content\/uploads\/2023\/05\/002-2-1024x1024.jpg 1024w, https:\/\/www.apolinav.cl\/wp-content\/uploads\/2023\/05\/002-2-150x150.jpg 150w, https:\/\/www.apolinav.cl\/wp-content\/uploads\/2023\/05\/002-2-1536x1536.jpg 1536w, https:\/\/www.apolinav.cl\/wp-content\/uploads\/2023\/05\/002-2-2048x2048.jpg 2048w\" sizes=\"auto, (max-width: 300px) 100vw, 300px\" \/><\/a>\n\t\t\t<\/dt><\/dl><dl class='gallery-item'>\n\t\t\t<dt class='gallery-icon landscape'>\n\t\t\t\t<a href='https:\/\/www.apolinav.cl\/wp-content\/uploads\/2023\/05\/003-2.jpg'><img loading=\"lazy\" decoding=\"async\" width=\"300\" height=\"300\" src=\"https:\/\/www.apolinav.cl\/wp-content\/uploads\/2023\/05\/003-2-300x300.jpg\" class=\"attachment-medium size-medium\" alt=\"\" srcset=\"https:\/\/www.apolinav.cl\/wp-content\/uploads\/2023\/05\/003-2-300x300.jpg 300w, https:\/\/www.apolinav.cl\/wp-content\/uploads\/2023\/05\/003-2-1024x1024.jpg 1024w, https:\/\/www.apolinav.cl\/wp-content\/uploads\/2023\/05\/003-2-150x150.jpg 150w, https:\/\/www.apolinav.cl\/wp-content\/uploads\/2023\/05\/003-2-1536x1536.jpg 1536w, https:\/\/www.apolinav.cl\/wp-content\/uploads\/2023\/05\/003-2-2048x2048.jpg 2048w\" sizes=\"auto, (max-width: 300px) 100vw, 300px\" \/><\/a>\n\t\t\t<\/dt><\/dl><br style=\"clear: both\" \/><dl class='gallery-item'>\n\t\t\t<dt class='gallery-icon landscape'>\n\t\t\t\t<a href='https:\/\/www.apolinav.cl\/wp-content\/uploads\/2023\/05\/004-2.jpg'><img loading=\"lazy\" decoding=\"async\" width=\"300\" height=\"300\" src=\"https:\/\/www.apolinav.cl\/wp-content\/uploads\/2023\/05\/004-2-300x300.jpg\" class=\"attachment-medium size-medium\" alt=\"\" srcset=\"https:\/\/www.apolinav.cl\/wp-content\/uploads\/2023\/05\/004-2-300x300.jpg 300w, https:\/\/www.apolinav.cl\/wp-content\/uploads\/2023\/05\/004-2-1024x1024.jpg 1024w, https:\/\/www.apolinav.cl\/wp-content\/uploads\/2023\/05\/004-2-150x150.jpg 150w, https:\/\/www.apolinav.cl\/wp-content\/uploads\/2023\/05\/004-2-1536x1536.jpg 1536w, https:\/\/www.apolinav.cl\/wp-content\/uploads\/2023\/05\/004-2-2048x2048.jpg 2048w\" sizes=\"auto, (max-width: 300px) 100vw, 300px\" \/><\/a>\n\t\t\t<\/dt><\/dl>\n\t\t\t<br style='clear: both' \/>\n\t\t<\/div>\n\n<p>&nbsp;<\/p>\n","protected":false},"excerpt":{"rendered":"<p>En el marco de la conmemoraci\u00f3n del aniversario de los 96 a\u00f1os de Carabineros de Chile, el jueves 27 de abril, una delegaci\u00f3n de la Academia Polit\u00e9cnica Naval realiz\u00f3 saludos protocolares a la Comisar\u00eda de G\u00f3mez Carre\u00f1o de la ciudad de Vi\u00f1a del Mar. La delegaci\u00f3n de la Academia Polit\u00e9cnica Naval, a cargo del Capit\u00e1n [&hellip;]<\/p>\n","protected":false},"author":3,"featured_media":23801,"comment_status":"open","ping_status":"open","sticky":false,"template":"","format":"standard","meta":{"footnotes":""},"categories":[39],"tags":[],"class_list":["post-23799","post","type-post","status-publish","format-standard","has-post-thumbnail","hentry","category-noticias"],"_links":{"self":[{"href":"https:\/\/www.apolinav.cl\/index.php\/wp-json\/wp\/v2\/posts\/23799","targetHints":{"allow":["GET"]}}],"collection":[{"href":"https:\/\/www.apolinav.cl\/index.php\/wp-json\/wp\/v2\/posts"}],"about":[{"href":"https:\/\/www.apolinav.cl\/index.php\/wp-json\/wp\/v2\/types\/post"}],"author":[{"embeddable":true,"href":"https:\/\/www.apolinav.cl\/index.php\/wp-json\/wp\/v2\/users\/3"}],"replies":[{"embeddable":true,"href":"https:\/\/www.apolinav.cl\/index.php\/wp-json\/wp\/v2\/comments?post=23799"}],"version-history":[{"count":1,"href":"https:\/\/www.apolinav.cl\/index.php\/wp-json\/wp\/v2\/posts\/23799\/revisions"}],"predecessor-version":[{"id":23805,"href":"https:\/\/www.apolinav.cl\/index.php\/wp-json\/wp\/v2\/posts\/23799\/revisions\/23805"}],"wp:featuredmedia":[{"embeddable":true,"href":"https:\/\/www.apolinav.cl\/index.php\/wp-json\/wp\/v2\/media\/23801"}],"wp:attachment":[{"href":"https:\/\/www.apolinav.cl\/index.php\/wp-json\/wp\/v2\/media?parent=23799"}],"wp:term":[{"taxonomy":"category","embeddable":true,"href":"https:\/\/www.apolinav.cl\/index.php\/wp-json\/wp\/v2\/categories?post=23799"},{"taxonomy":"post_tag","embeddable":true,"href":"https:\/\/www.apolinav.cl\/index.php\/wp-json\/wp\/v2\/tags?post=23799"}],"curies":[{"name":"wp","href":"https:\/\/api.w.org\/{rel}","templated":true}]}}