{"id":23252,"date":"2023-03-25T12:09:54","date_gmt":"2023-03-25T15:09:54","guid":{"rendered":"https:\/\/www.apolinav.cl\/?p=23252"},"modified":"2023-03-28T12:12:31","modified_gmt":"2023-03-28T15:12:31","slug":"seleccionado-olimpico-de-orientacion-terrestre-de-la-academia-politecnica-naval-participa-en-vina-orientacion-2023","status":"publish","type":"post","link":"https:\/\/www.apolinav.cl\/index.php\/seleccionado-olimpico-de-orientacion-terrestre-de-la-academia-politecnica-naval-participa-en-vina-orientacion-2023\/","title":{"rendered":"SELECCIONADO OL\u00cdMPICO DE ORIENTACI\u00d3N TERRESTRE DE LA ACADEMIA POLIT\u00c9CNICA NAVAL PARTICIPA EN \u201cVI\u00d1A ORIENTACI\u00d3N 2023\u201d."},"content":{"rendered":"<p>El d\u00eda s\u00e1bado 25 de marzo, en el sector del Cerro Castillo y el borde costero de la Ciudad Jard\u00edn, se realiz\u00f3 la 1\u00aa fecha del circuito de Carreras de Orientaci\u00f3n Terrestre \u201cVi\u00f1a Orientaci\u00f3n 2023\u201d donde participaron los alumnos de la Academia Polit\u00e9cnica Naval adem\u00e1s de otras instituciones uniformadas, universidades, clubes de Orientaci\u00f3n, civiles en general.<\/p>\n<p>La Academia Polit\u00e9cnica Naval estuvo representada por personal de alumnos Grumetes que integran el seleccionado de Orientaci\u00f3n Terrestre, bajo las instrucciones de su entrenador, Cabo 1\u00ba IM Erick Reyes, quienes participaron en un recorrido modalidad \u201cSprint Urbano\u201d, en diferentes categor\u00edas, obteniendo destacados lugares.<\/p>\n<p><strong>Seleccionado Ol\u00edmpico APOLINAV<\/strong><\/p>\n<p>Categor\u00eda \u201cH 18\u201d Varones<\/p>\n<p>2\u00ba lugar \u00a0\u00a0\u00a0\u00a0\u00a0\u00a0\u00a0\u00a0 GTE \u00a0(O\/L.) Ricardo Morales<\/p>\n<p>3\u00ba lugar\u00a0\u00a0\u00a0\u00a0\u00a0\u00a0\u00a0\u00a0\u00a0 GTE\u00a0 (O\/L.) Gerson Rifo<\/p>\n<p>&nbsp;<\/p>\n<p>Categor\u00eda \u201cD 18\u201d Damas<\/p>\n<p>1\u00ba lugar\u00a0\u00a0\u00a0\u00a0\u00a0\u00a0\u00a0\u00a0\u00a0 GTE\u00a0 (O\/Mc.Eln.Ar.) Valentina<\/p>\n<p>2\u00b0 lugar\u00a0\u00a0\u00a0\u00a0\u00a0\u00a0\u00a0\u00a0\u00a0 GTE\u00a0 (O\/AB.) Valentina Campos<\/p>\n<p>Los Orientadores de cada Instituci\u00f3n, en particular los alumnos de la APN, dieron lo mejor de s\u00ed en terreno para defender sus colores en una cancha nueva, de terreno duro, como tambi\u00e9n en arena, donde demostraron un gran desempe\u00f1o f\u00edsico y t\u00e9cnica.<\/p>\n\n\t\t<style type=\"text\/css\">\n\t\t\t#gallery-1 {\n\t\t\t\tmargin: auto;\n\t\t\t}\n\t\t\t#gallery-1 .gallery-item {\n\t\t\t\tfloat: left;\n\t\t\t\tmargin-top: 10px;\n\t\t\t\ttext-align: center;\n\t\t\t\twidth: 33%;\n\t\t\t}\n\t\t\t#gallery-1 img {\n\t\t\t\tborder: 2px solid #cfcfcf;\n\t\t\t}\n\t\t\t#gallery-1 .gallery-caption {\n\t\t\t\tmargin-left: 0;\n\t\t\t}\n\t\t\t\/* see gallery_shortcode() in wp-includes\/media.php *\/\n\t\t<\/style>\n\t\t<div id='gallery-1' class='gallery galleryid-23252 gallery-columns-3 gallery-size-medium'><dl class='gallery-item'>\n\t\t\t<dt class='gallery-icon landscape'>\n\t\t\t\t<a href='https:\/\/www.apolinav.cl\/wp-content\/uploads\/2023\/03\/001-10.jpg'><img loading=\"lazy\" decoding=\"async\" width=\"300\" height=\"300\" src=\"https:\/\/www.apolinav.cl\/wp-content\/uploads\/2023\/03\/001-10-300x300.jpg\" class=\"attachment-medium size-medium\" alt=\"\" srcset=\"https:\/\/www.apolinav.cl\/wp-content\/uploads\/2023\/03\/001-10-300x300.jpg 300w, https:\/\/www.apolinav.cl\/wp-content\/uploads\/2023\/03\/001-10-1024x1024.jpg 1024w, https:\/\/www.apolinav.cl\/wp-content\/uploads\/2023\/03\/001-10-150x150.jpg 150w, https:\/\/www.apolinav.cl\/wp-content\/uploads\/2023\/03\/001-10-1536x1536.jpg 1536w, https:\/\/www.apolinav.cl\/wp-content\/uploads\/2023\/03\/001-10-2048x2048.jpg 2048w\" sizes=\"auto, (max-width: 300px) 100vw, 300px\" \/><\/a>\n\t\t\t<\/dt><\/dl><dl class='gallery-item'>\n\t\t\t<dt class='gallery-icon landscape'>\n\t\t\t\t<a href='https:\/\/www.apolinav.cl\/wp-content\/uploads\/2023\/03\/002-10.jpg'><img loading=\"lazy\" decoding=\"async\" width=\"300\" height=\"300\" src=\"https:\/\/www.apolinav.cl\/wp-content\/uploads\/2023\/03\/002-10-300x300.jpg\" class=\"attachment-medium size-medium\" alt=\"\" srcset=\"https:\/\/www.apolinav.cl\/wp-content\/uploads\/2023\/03\/002-10-300x300.jpg 300w, https:\/\/www.apolinav.cl\/wp-content\/uploads\/2023\/03\/002-10-1024x1024.jpg 1024w, https:\/\/www.apolinav.cl\/wp-content\/uploads\/2023\/03\/002-10-150x150.jpg 150w, https:\/\/www.apolinav.cl\/wp-content\/uploads\/2023\/03\/002-10-1536x1536.jpg 1536w, https:\/\/www.apolinav.cl\/wp-content\/uploads\/2023\/03\/002-10-2048x2048.jpg 2048w\" sizes=\"auto, (max-width: 300px) 100vw, 300px\" \/><\/a>\n\t\t\t<\/dt><\/dl><dl class='gallery-item'>\n\t\t\t<dt class='gallery-icon portrait'>\n\t\t\t\t<a href='https:\/\/www.apolinav.cl\/wp-content\/uploads\/2023\/03\/003-9.jpg'><img loading=\"lazy\" decoding=\"async\" width=\"300\" height=\"300\" src=\"https:\/\/www.apolinav.cl\/wp-content\/uploads\/2023\/03\/003-9-300x300.jpg\" class=\"attachment-medium size-medium\" alt=\"\" srcset=\"https:\/\/www.apolinav.cl\/wp-content\/uploads\/2023\/03\/003-9-300x300.jpg 300w, https:\/\/www.apolinav.cl\/wp-content\/uploads\/2023\/03\/003-9-1024x1024.jpg 1024w, https:\/\/www.apolinav.cl\/wp-content\/uploads\/2023\/03\/003-9-150x150.jpg 150w, https:\/\/www.apolinav.cl\/wp-content\/uploads\/2023\/03\/003-9-1536x1536.jpg 1536w, https:\/\/www.apolinav.cl\/wp-content\/uploads\/2023\/03\/003-9-2048x2048.jpg 2048w\" sizes=\"auto, (max-width: 300px) 100vw, 300px\" \/><\/a>\n\t\t\t<\/dt><\/dl><br style=\"clear: both\" \/><dl class='gallery-item'>\n\t\t\t<dt class='gallery-icon landscape'>\n\t\t\t\t<a href='https:\/\/www.apolinav.cl\/wp-content\/uploads\/2023\/03\/004-6.jpg'><img loading=\"lazy\" decoding=\"async\" width=\"300\" height=\"300\" src=\"https:\/\/www.apolinav.cl\/wp-content\/uploads\/2023\/03\/004-6-300x300.jpg\" class=\"attachment-medium size-medium\" alt=\"\" srcset=\"https:\/\/www.apolinav.cl\/wp-content\/uploads\/2023\/03\/004-6-300x300.jpg 300w, https:\/\/www.apolinav.cl\/wp-content\/uploads\/2023\/03\/004-6-1024x1024.jpg 1024w, https:\/\/www.apolinav.cl\/wp-content\/uploads\/2023\/03\/004-6-150x150.jpg 150w, https:\/\/www.apolinav.cl\/wp-content\/uploads\/2023\/03\/004-6-1536x1536.jpg 1536w, https:\/\/www.apolinav.cl\/wp-content\/uploads\/2023\/03\/004-6-2048x2048.jpg 2048w\" sizes=\"auto, (max-width: 300px) 100vw, 300px\" \/><\/a>\n\t\t\t<\/dt><\/dl><dl class='gallery-item'>\n\t\t\t<dt class='gallery-icon landscape'>\n\t\t\t\t<a href='https:\/\/www.apolinav.cl\/wp-content\/uploads\/2023\/03\/005-8.jpg'><img loading=\"lazy\" decoding=\"async\" width=\"300\" height=\"300\" src=\"https:\/\/www.apolinav.cl\/wp-content\/uploads\/2023\/03\/005-8-300x300.jpg\" class=\"attachment-medium size-medium\" alt=\"\" srcset=\"https:\/\/www.apolinav.cl\/wp-content\/uploads\/2023\/03\/005-8-300x300.jpg 300w, https:\/\/www.apolinav.cl\/wp-content\/uploads\/2023\/03\/005-8-1024x1024.jpg 1024w, https:\/\/www.apolinav.cl\/wp-content\/uploads\/2023\/03\/005-8-150x150.jpg 150w, https:\/\/www.apolinav.cl\/wp-content\/uploads\/2023\/03\/005-8-1536x1536.jpg 1536w, https:\/\/www.apolinav.cl\/wp-content\/uploads\/2023\/03\/005-8-2048x2048.jpg 2048w\" sizes=\"auto, (max-width: 300px) 100vw, 300px\" \/><\/a>\n\t\t\t<\/dt><\/dl><dl class='gallery-item'>\n\t\t\t<dt class='gallery-icon landscape'>\n\t\t\t\t<a href='https:\/\/www.apolinav.cl\/wp-content\/uploads\/2023\/03\/006-8.jpg'><img loading=\"lazy\" decoding=\"async\" width=\"300\" height=\"300\" src=\"https:\/\/www.apolinav.cl\/wp-content\/uploads\/2023\/03\/006-8-300x300.jpg\" class=\"attachment-medium size-medium\" alt=\"\" srcset=\"https:\/\/www.apolinav.cl\/wp-content\/uploads\/2023\/03\/006-8-300x300.jpg 300w, https:\/\/www.apolinav.cl\/wp-content\/uploads\/2023\/03\/006-8-1024x1024.jpg 1024w, https:\/\/www.apolinav.cl\/wp-content\/uploads\/2023\/03\/006-8-150x150.jpg 150w, https:\/\/www.apolinav.cl\/wp-content\/uploads\/2023\/03\/006-8-1536x1536.jpg 1536w, https:\/\/www.apolinav.cl\/wp-content\/uploads\/2023\/03\/006-8-2048x2048.jpg 2048w\" sizes=\"auto, (max-width: 300px) 100vw, 300px\" \/><\/a>\n\t\t\t<\/dt><\/dl><br style=\"clear: both\" \/><dl class='gallery-item'>\n\t\t\t<dt class='gallery-icon landscape'>\n\t\t\t\t<a href='https:\/\/www.apolinav.cl\/wp-content\/uploads\/2023\/03\/007-5.jpg'><img loading=\"lazy\" decoding=\"async\" width=\"300\" height=\"300\" src=\"https:\/\/www.apolinav.cl\/wp-content\/uploads\/2023\/03\/007-5-300x300.jpg\" class=\"attachment-medium size-medium\" alt=\"\" srcset=\"https:\/\/www.apolinav.cl\/wp-content\/uploads\/2023\/03\/007-5-300x300.jpg 300w, https:\/\/www.apolinav.cl\/wp-content\/uploads\/2023\/03\/007-5-1024x1024.jpg 1024w, https:\/\/www.apolinav.cl\/wp-content\/uploads\/2023\/03\/007-5-150x150.jpg 150w, https:\/\/www.apolinav.cl\/wp-content\/uploads\/2023\/03\/007-5-1536x1536.jpg 1536w, https:\/\/www.apolinav.cl\/wp-content\/uploads\/2023\/03\/007-5-2048x2048.jpg 2048w\" sizes=\"auto, (max-width: 300px) 100vw, 300px\" \/><\/a>\n\t\t\t<\/dt><\/dl><dl class='gallery-item'>\n\t\t\t<dt class='gallery-icon landscape'>\n\t\t\t\t<a href='https:\/\/www.apolinav.cl\/wp-content\/uploads\/2023\/03\/008-5.jpg'><img loading=\"lazy\" decoding=\"async\" width=\"300\" height=\"300\" src=\"https:\/\/www.apolinav.cl\/wp-content\/uploads\/2023\/03\/008-5-300x300.jpg\" class=\"attachment-medium size-medium\" alt=\"\" srcset=\"https:\/\/www.apolinav.cl\/wp-content\/uploads\/2023\/03\/008-5-300x300.jpg 300w, https:\/\/www.apolinav.cl\/wp-content\/uploads\/2023\/03\/008-5-1024x1024.jpg 1024w, https:\/\/www.apolinav.cl\/wp-content\/uploads\/2023\/03\/008-5-150x150.jpg 150w, https:\/\/www.apolinav.cl\/wp-content\/uploads\/2023\/03\/008-5-1536x1536.jpg 1536w, https:\/\/www.apolinav.cl\/wp-content\/uploads\/2023\/03\/008-5-2048x2048.jpg 2048w\" sizes=\"auto, (max-width: 300px) 100vw, 300px\" \/><\/a>\n\t\t\t<\/dt><\/dl>\n\t\t\t<br style='clear: both' \/>\n\t\t<\/div>\n\n<p>&nbsp;<\/p>\n","protected":false},"excerpt":{"rendered":"<p>El d\u00eda s\u00e1bado 25 de marzo, en el sector del Cerro Castillo y el borde costero de la Ciudad Jard\u00edn, se realiz\u00f3 la 1\u00aa fecha del circuito de Carreras de Orientaci\u00f3n Terrestre \u201cVi\u00f1a Orientaci\u00f3n 2023\u201d donde participaron los alumnos de la Academia Polit\u00e9cnica Naval adem\u00e1s de otras instituciones uniformadas, universidades, clubes de Orientaci\u00f3n, civiles en [&hellip;]<\/p>\n","protected":false},"author":3,"featured_media":23253,"comment_status":"open","ping_status":"open","sticky":false,"template":"","format":"standard","meta":{"footnotes":""},"categories":[39],"tags":[],"class_list":["post-23252","post","type-post","status-publish","format-standard","has-post-thumbnail","hentry","category-noticias"],"_links":{"self":[{"href":"https:\/\/www.apolinav.cl\/index.php\/wp-json\/wp\/v2\/posts\/23252","targetHints":{"allow":["GET"]}}],"collection":[{"href":"https:\/\/www.apolinav.cl\/index.php\/wp-json\/wp\/v2\/posts"}],"about":[{"href":"https:\/\/www.apolinav.cl\/index.php\/wp-json\/wp\/v2\/types\/post"}],"author":[{"embeddable":true,"href":"https:\/\/www.apolinav.cl\/index.php\/wp-json\/wp\/v2\/users\/3"}],"replies":[{"embeddable":true,"href":"https:\/\/www.apolinav.cl\/index.php\/wp-json\/wp\/v2\/comments?post=23252"}],"version-history":[{"count":1,"href":"https:\/\/www.apolinav.cl\/index.php\/wp-json\/wp\/v2\/posts\/23252\/revisions"}],"predecessor-version":[{"id":23261,"href":"https:\/\/www.apolinav.cl\/index.php\/wp-json\/wp\/v2\/posts\/23252\/revisions\/23261"}],"wp:featuredmedia":[{"embeddable":true,"href":"https:\/\/www.apolinav.cl\/index.php\/wp-json\/wp\/v2\/media\/23253"}],"wp:attachment":[{"href":"https:\/\/www.apolinav.cl\/index.php\/wp-json\/wp\/v2\/media?parent=23252"}],"wp:term":[{"taxonomy":"category","embeddable":true,"href":"https:\/\/www.apolinav.cl\/index.php\/wp-json\/wp\/v2\/categories?post=23252"},{"taxonomy":"post_tag","embeddable":true,"href":"https:\/\/www.apolinav.cl\/index.php\/wp-json\/wp\/v2\/tags?post=23252"}],"curies":[{"name":"wp","href":"https:\/\/api.w.org\/{rel}","templated":true}]}}