{"id":23238,"date":"2023-03-24T08:40:54","date_gmt":"2023-03-24T11:40:54","guid":{"rendered":"https:\/\/www.apolinav.cl\/?p=23238"},"modified":"2023-03-28T08:43:39","modified_gmt":"2023-03-28T11:43:39","slug":"academia-politecnica-naval-participa-en-jornada-de-historia-maritima-de-la-universidad-adolfo-ibanez","status":"publish","type":"post","link":"https:\/\/www.apolinav.cl\/index.php\/academia-politecnica-naval-participa-en-jornada-de-historia-maritima-de-la-universidad-adolfo-ibanez\/","title":{"rendered":"ACADEMIA POLIT\u00c9CNICA NAVAL PARTICIPA EN \u201cJORNADA DE HISTORIA MAR\u00cdTIMA\u201d DE LA UNIVERSIDAD ADOLFO IBA\u00d1EZ."},"content":{"rendered":"<p>Vi\u00f1a del Mar. Este viernes 24 de marzo, la Academia Polit\u00e9cnica Naval particip\u00f3 de la organizaci\u00f3n y desarrollo de la \u201cJornada de Historia Mar\u00edtima\u201d efectuada en la Universidad Adolfo Ib\u00e1\u00f1ez (UAI), sobre \u201cGeopol\u00edtica de los Oc\u00e9anos. Lecciones hist\u00f3ricas y la prospectiva estrat\u00e9gica\u201d expuesto por Historiadores, Investigadores y Acad\u00e9micos, nacionales e internacionales.<\/p>\n<p>La actividad, organizada por el Centro de Estudios Americanos de la Facultad de Artes Liberales de la UAI, cont\u00f3 con la participaci\u00f3n del Departamento de Historia y Ciencias Sociales y el Programa de Magister de Historia de esta casa de estudios, el Museo Mar\u00edtimo Nacional (MMN), la Asociaci\u00f3n de Historia Mar\u00edtima y Naval Iberoamericana, la Academia de Guerra y la Academia Polit\u00e9cnica Naval, donde el Director del Centro de Estudios, Doctor Rodrigo Escribano, agradeci\u00f3 a los participantes por haber aceptado la invitaci\u00f3n a explorar acerca de la Geopol\u00edtica de los Oc\u00e9anos desde una perspectiva de largo plazo, indagando en el modo en que la historiograf\u00eda mar\u00edtima pueda aportar a la prospectiva estrat\u00e9gica en nuestros d\u00edas.<\/p>\n<p>Desde la APN asistieron al auditorio universitario los alumnos de la Academia, a cargo del Jefe del Departamento Acad\u00e9mico, Capit\u00e1n de Fragata Carlos Ramos.<\/p>\n<p>El Comandante Ramos coment\u00f3 que Alumnos de la APN, se encuentran en su etapa de especializaci\u00f3n, donde destac\u00f3 la importancia de que comprendan la importancia de conceptos relacionados con el mar, ya que esto les ayudar\u00e1 en la toma de decisiones durante sus carreras como hombres y mujeres de mar.<\/p>\n\n\t\t<style type=\"text\/css\">\n\t\t\t#gallery-1 {\n\t\t\t\tmargin: auto;\n\t\t\t}\n\t\t\t#gallery-1 .gallery-item {\n\t\t\t\tfloat: left;\n\t\t\t\tmargin-top: 10px;\n\t\t\t\ttext-align: center;\n\t\t\t\twidth: 33%;\n\t\t\t}\n\t\t\t#gallery-1 img {\n\t\t\t\tborder: 2px solid #cfcfcf;\n\t\t\t}\n\t\t\t#gallery-1 .gallery-caption {\n\t\t\t\tmargin-left: 0;\n\t\t\t}\n\t\t\t\/* see gallery_shortcode() in wp-includes\/media.php *\/\n\t\t<\/style>\n\t\t<div id='gallery-1' class='gallery galleryid-23238 gallery-columns-3 gallery-size-medium'><dl class='gallery-item'>\n\t\t\t<dt class='gallery-icon landscape'>\n\t\t\t\t<a href='https:\/\/www.apolinav.cl\/wp-content\/uploads\/2023\/03\/001-9-scaled.jpg'><img loading=\"lazy\" decoding=\"async\" width=\"300\" height=\"300\" src=\"https:\/\/www.apolinav.cl\/wp-content\/uploads\/2023\/03\/001-9-300x300.jpg\" class=\"attachment-medium size-medium\" alt=\"\" srcset=\"https:\/\/www.apolinav.cl\/wp-content\/uploads\/2023\/03\/001-9-300x300.jpg 300w, https:\/\/www.apolinav.cl\/wp-content\/uploads\/2023\/03\/001-9-1024x1024.jpg 1024w, https:\/\/www.apolinav.cl\/wp-content\/uploads\/2023\/03\/001-9-150x150.jpg 150w, https:\/\/www.apolinav.cl\/wp-content\/uploads\/2023\/03\/001-9-1536x1536.jpg 1536w, https:\/\/www.apolinav.cl\/wp-content\/uploads\/2023\/03\/001-9-2048x2048.jpg 2048w\" sizes=\"auto, (max-width: 300px) 100vw, 300px\" \/><\/a>\n\t\t\t<\/dt><\/dl><dl class='gallery-item'>\n\t\t\t<dt class='gallery-icon landscape'>\n\t\t\t\t<a href='https:\/\/www.apolinav.cl\/wp-content\/uploads\/2023\/03\/002-9-scaled.jpg'><img loading=\"lazy\" decoding=\"async\" width=\"300\" height=\"300\" src=\"https:\/\/www.apolinav.cl\/wp-content\/uploads\/2023\/03\/002-9-300x300.jpg\" class=\"attachment-medium size-medium\" alt=\"\" srcset=\"https:\/\/www.apolinav.cl\/wp-content\/uploads\/2023\/03\/002-9-300x300.jpg 300w, https:\/\/www.apolinav.cl\/wp-content\/uploads\/2023\/03\/002-9-1024x1024.jpg 1024w, https:\/\/www.apolinav.cl\/wp-content\/uploads\/2023\/03\/002-9-150x150.jpg 150w, https:\/\/www.apolinav.cl\/wp-content\/uploads\/2023\/03\/002-9-1536x1536.jpg 1536w, https:\/\/www.apolinav.cl\/wp-content\/uploads\/2023\/03\/002-9-2048x2048.jpg 2048w\" sizes=\"auto, (max-width: 300px) 100vw, 300px\" \/><\/a>\n\t\t\t<\/dt><\/dl><dl class='gallery-item'>\n\t\t\t<dt class='gallery-icon landscape'>\n\t\t\t\t<a href='https:\/\/www.apolinav.cl\/wp-content\/uploads\/2023\/03\/003-8-scaled.jpg'><img loading=\"lazy\" decoding=\"async\" width=\"300\" height=\"300\" src=\"https:\/\/www.apolinav.cl\/wp-content\/uploads\/2023\/03\/003-8-300x300.jpg\" class=\"attachment-medium size-medium\" alt=\"\" srcset=\"https:\/\/www.apolinav.cl\/wp-content\/uploads\/2023\/03\/003-8-300x300.jpg 300w, https:\/\/www.apolinav.cl\/wp-content\/uploads\/2023\/03\/003-8-1024x1024.jpg 1024w, https:\/\/www.apolinav.cl\/wp-content\/uploads\/2023\/03\/003-8-150x150.jpg 150w, https:\/\/www.apolinav.cl\/wp-content\/uploads\/2023\/03\/003-8-1536x1536.jpg 1536w, https:\/\/www.apolinav.cl\/wp-content\/uploads\/2023\/03\/003-8-2048x2048.jpg 2048w\" sizes=\"auto, (max-width: 300px) 100vw, 300px\" \/><\/a>\n\t\t\t<\/dt><\/dl><br style=\"clear: both\" \/><dl class='gallery-item'>\n\t\t\t<dt class='gallery-icon landscape'>\n\t\t\t\t<a href='https:\/\/www.apolinav.cl\/wp-content\/uploads\/2023\/03\/004-5-scaled.jpg'><img loading=\"lazy\" decoding=\"async\" width=\"300\" height=\"300\" src=\"https:\/\/www.apolinav.cl\/wp-content\/uploads\/2023\/03\/004-5-300x300.jpg\" class=\"attachment-medium size-medium\" alt=\"\" srcset=\"https:\/\/www.apolinav.cl\/wp-content\/uploads\/2023\/03\/004-5-300x300.jpg 300w, https:\/\/www.apolinav.cl\/wp-content\/uploads\/2023\/03\/004-5-1024x1024.jpg 1024w, https:\/\/www.apolinav.cl\/wp-content\/uploads\/2023\/03\/004-5-150x150.jpg 150w, https:\/\/www.apolinav.cl\/wp-content\/uploads\/2023\/03\/004-5-1536x1536.jpg 1536w, https:\/\/www.apolinav.cl\/wp-content\/uploads\/2023\/03\/004-5-2048x2048.jpg 2048w\" sizes=\"auto, (max-width: 300px) 100vw, 300px\" \/><\/a>\n\t\t\t<\/dt><\/dl><dl class='gallery-item'>\n\t\t\t<dt class='gallery-icon landscape'>\n\t\t\t\t<a href='https:\/\/www.apolinav.cl\/wp-content\/uploads\/2023\/03\/005-7-scaled.jpg'><img loading=\"lazy\" decoding=\"async\" width=\"300\" height=\"300\" src=\"https:\/\/www.apolinav.cl\/wp-content\/uploads\/2023\/03\/005-7-300x300.jpg\" class=\"attachment-medium size-medium\" alt=\"\" srcset=\"https:\/\/www.apolinav.cl\/wp-content\/uploads\/2023\/03\/005-7-300x300.jpg 300w, https:\/\/www.apolinav.cl\/wp-content\/uploads\/2023\/03\/005-7-1024x1024.jpg 1024w, https:\/\/www.apolinav.cl\/wp-content\/uploads\/2023\/03\/005-7-150x150.jpg 150w, https:\/\/www.apolinav.cl\/wp-content\/uploads\/2023\/03\/005-7-1536x1536.jpg 1536w, https:\/\/www.apolinav.cl\/wp-content\/uploads\/2023\/03\/005-7-2048x2048.jpg 2048w\" sizes=\"auto, (max-width: 300px) 100vw, 300px\" \/><\/a>\n\t\t\t<\/dt><\/dl><dl class='gallery-item'>\n\t\t\t<dt class='gallery-icon landscape'>\n\t\t\t\t<a href='https:\/\/www.apolinav.cl\/wp-content\/uploads\/2023\/03\/006-7-scaled.jpg'><img loading=\"lazy\" decoding=\"async\" width=\"300\" height=\"300\" src=\"https:\/\/www.apolinav.cl\/wp-content\/uploads\/2023\/03\/006-7-300x300.jpg\" class=\"attachment-medium size-medium\" alt=\"\" srcset=\"https:\/\/www.apolinav.cl\/wp-content\/uploads\/2023\/03\/006-7-300x300.jpg 300w, https:\/\/www.apolinav.cl\/wp-content\/uploads\/2023\/03\/006-7-1024x1024.jpg 1024w, https:\/\/www.apolinav.cl\/wp-content\/uploads\/2023\/03\/006-7-150x150.jpg 150w, https:\/\/www.apolinav.cl\/wp-content\/uploads\/2023\/03\/006-7-1536x1536.jpg 1536w, https:\/\/www.apolinav.cl\/wp-content\/uploads\/2023\/03\/006-7-2048x2048.jpg 2048w\" sizes=\"auto, (max-width: 300px) 100vw, 300px\" \/><\/a>\n\t\t\t<\/dt><\/dl><br style=\"clear: both\" \/><dl class='gallery-item'>\n\t\t\t<dt class='gallery-icon landscape'>\n\t\t\t\t<a href='https:\/\/www.apolinav.cl\/wp-content\/uploads\/2023\/03\/007-4-scaled.jpg'><img loading=\"lazy\" decoding=\"async\" width=\"300\" height=\"300\" src=\"https:\/\/www.apolinav.cl\/wp-content\/uploads\/2023\/03\/007-4-300x300.jpg\" class=\"attachment-medium size-medium\" alt=\"\" srcset=\"https:\/\/www.apolinav.cl\/wp-content\/uploads\/2023\/03\/007-4-300x300.jpg 300w, https:\/\/www.apolinav.cl\/wp-content\/uploads\/2023\/03\/007-4-1024x1024.jpg 1024w, https:\/\/www.apolinav.cl\/wp-content\/uploads\/2023\/03\/007-4-150x150.jpg 150w, https:\/\/www.apolinav.cl\/wp-content\/uploads\/2023\/03\/007-4-1536x1536.jpg 1536w, https:\/\/www.apolinav.cl\/wp-content\/uploads\/2023\/03\/007-4-2048x2048.jpg 2048w\" sizes=\"auto, (max-width: 300px) 100vw, 300px\" \/><\/a>\n\t\t\t<\/dt><\/dl><dl class='gallery-item'>\n\t\t\t<dt class='gallery-icon landscape'>\n\t\t\t\t<a href='https:\/\/www.apolinav.cl\/wp-content\/uploads\/2023\/03\/008-4-scaled.jpg'><img loading=\"lazy\" decoding=\"async\" width=\"300\" height=\"300\" src=\"https:\/\/www.apolinav.cl\/wp-content\/uploads\/2023\/03\/008-4-300x300.jpg\" class=\"attachment-medium size-medium\" alt=\"\" srcset=\"https:\/\/www.apolinav.cl\/wp-content\/uploads\/2023\/03\/008-4-300x300.jpg 300w, https:\/\/www.apolinav.cl\/wp-content\/uploads\/2023\/03\/008-4-1024x1024.jpg 1024w, https:\/\/www.apolinav.cl\/wp-content\/uploads\/2023\/03\/008-4-150x150.jpg 150w, https:\/\/www.apolinav.cl\/wp-content\/uploads\/2023\/03\/008-4-1536x1536.jpg 1536w, https:\/\/www.apolinav.cl\/wp-content\/uploads\/2023\/03\/008-4-2048x2048.jpg 2048w\" sizes=\"auto, (max-width: 300px) 100vw, 300px\" \/><\/a>\n\t\t\t<\/dt><\/dl>\n\t\t\t<br style='clear: both' \/>\n\t\t<\/div>\n\n<p>&nbsp;<\/p>\n","protected":false},"excerpt":{"rendered":"<p>Vi\u00f1a del Mar. Este viernes 24 de marzo, la Academia Polit\u00e9cnica Naval particip\u00f3 de la organizaci\u00f3n y desarrollo de la \u201cJornada de Historia Mar\u00edtima\u201d efectuada en la Universidad Adolfo Ib\u00e1\u00f1ez (UAI), sobre \u201cGeopol\u00edtica de los Oc\u00e9anos. Lecciones hist\u00f3ricas y la prospectiva estrat\u00e9gica\u201d expuesto por Historiadores, Investigadores y Acad\u00e9micos, nacionales e internacionales. La actividad, organizada por [&hellip;]<\/p>\n","protected":false},"author":3,"featured_media":23239,"comment_status":"open","ping_status":"open","sticky":false,"template":"","format":"standard","meta":{"footnotes":""},"categories":[39],"tags":[],"class_list":["post-23238","post","type-post","status-publish","format-standard","has-post-thumbnail","hentry","category-noticias"],"_links":{"self":[{"href":"https:\/\/www.apolinav.cl\/index.php\/wp-json\/wp\/v2\/posts\/23238","targetHints":{"allow":["GET"]}}],"collection":[{"href":"https:\/\/www.apolinav.cl\/index.php\/wp-json\/wp\/v2\/posts"}],"about":[{"href":"https:\/\/www.apolinav.cl\/index.php\/wp-json\/wp\/v2\/types\/post"}],"author":[{"embeddable":true,"href":"https:\/\/www.apolinav.cl\/index.php\/wp-json\/wp\/v2\/users\/3"}],"replies":[{"embeddable":true,"href":"https:\/\/www.apolinav.cl\/index.php\/wp-json\/wp\/v2\/comments?post=23238"}],"version-history":[{"count":1,"href":"https:\/\/www.apolinav.cl\/index.php\/wp-json\/wp\/v2\/posts\/23238\/revisions"}],"predecessor-version":[{"id":23247,"href":"https:\/\/www.apolinav.cl\/index.php\/wp-json\/wp\/v2\/posts\/23238\/revisions\/23247"}],"wp:featuredmedia":[{"embeddable":true,"href":"https:\/\/www.apolinav.cl\/index.php\/wp-json\/wp\/v2\/media\/23239"}],"wp:attachment":[{"href":"https:\/\/www.apolinav.cl\/index.php\/wp-json\/wp\/v2\/media?parent=23238"}],"wp:term":[{"taxonomy":"category","embeddable":true,"href":"https:\/\/www.apolinav.cl\/index.php\/wp-json\/wp\/v2\/categories?post=23238"},{"taxonomy":"post_tag","embeddable":true,"href":"https:\/\/www.apolinav.cl\/index.php\/wp-json\/wp\/v2\/tags?post=23238"}],"curies":[{"name":"wp","href":"https:\/\/api.w.org\/{rel}","templated":true}]}}