{"id":22662,"date":"2023-02-17T15:56:12","date_gmt":"2023-02-17T18:56:12","guid":{"rendered":"https:\/\/www.apolinav.cl\/?p=22662"},"modified":"2023-05-18T15:48:24","modified_gmt":"2023-05-18T19:48:24","slug":"noticia-06b-vinculacion-academia-politecnica-naval-desfilo-en-el-dia-de-las-glorias-del-ejercito-de-chile","status":"publish","type":"post","link":"https:\/\/www.apolinav.cl\/index.php\/noticia-06b-vinculacion-academia-politecnica-naval-desfilo-en-el-dia-de-las-glorias-del-ejercito-de-chile\/","title":{"rendered":"ACADEMIA POLIT\u00c9CNICA NAVAL DESFIL\u00d3 EN EL D\u00cdA DE LAS GLORIAS DEL EJ\u00c9RCITO DE CHILE."},"content":{"rendered":"<p>El lunes 19 de septiembre de 2022, el Regimiento de Presentaci\u00f3n de la Academia Polit\u00e9cnica Naval, con la Banda de Guerra e Instrumental, particip\u00f3 en la Gran Parada Militar a\u00f1o 2022 en conmemoraci\u00f3n del D\u00eda de las Glorias del Ej\u00e9rcito de Chile, en la Elipse del Parque O\u2019Higgins.<\/p>\n<p>El desfile fue presidido por el Presidente de la Rep\u00fablica Gabriel Boric, acompa\u00f1ado por la Ministro de Defensa Nacional, Maya Fern\u00e1ndez y las m\u00e1s altas autoridades Civiles y Militares del pa\u00eds. Durante la locuci\u00f3n de la parada Militar, se destac\u00f3 que \u201c<em>A mediados del mes de octubre de este a\u00f1o, la Academia Polit\u00e9cnica Naval en conjunto con la Direcci\u00f3n de Programas e Investigaci\u00f3n y Desarrollo de la Armada (DIPRIDA) lanzar\u00e1 el desaf\u00edo AVANTE III que busca potenciar y vincular la innovaci\u00f3n tecnol\u00f3gica nacional en el \u00e1mbito de la defensa y ante un llamado a emprendedores reci\u00e9n conformados que conozcan las diferentes situaciones que nos debemos enfrentar con soluciones de bases cient\u00edficas a problemas institucionales<\/em>\u201d.<\/p>\n<p>El lanzamiento de este desaf\u00edo se realizar\u00e1 durante la Feria de Innovaci\u00f3n Tecnol\u00f3gica que organiza la Academia donde participan Universidades, empresas y personal naval siendo un aporte al pa\u00eds en la defensa a mediano y largo plazo\u201d.<\/p>\n<p>Finalizada la Parada Militar, los integrantes del Regimiento de Presentaci\u00f3n de la Academia se dirigieron a la Ciudad Jard\u00edn. Los vi\u00f1amarinos pudieron observar el pasar de los gallados uniformados navales y los acompa\u00f1aron en su recorrido desde la Avenida Per\u00fa, las Avenidas San Mart\u00edn y Jorge Montt hasta llegar a sus dependencias ubicadas en el Sector Las Salinas.<\/p>\n\n\t\t<style type=\"text\/css\">\n\t\t\t#gallery-1 {\n\t\t\t\tmargin: auto;\n\t\t\t}\n\t\t\t#gallery-1 .gallery-item {\n\t\t\t\tfloat: left;\n\t\t\t\tmargin-top: 10px;\n\t\t\t\ttext-align: center;\n\t\t\t\twidth: 33%;\n\t\t\t}\n\t\t\t#gallery-1 img {\n\t\t\t\tborder: 2px solid #cfcfcf;\n\t\t\t}\n\t\t\t#gallery-1 .gallery-caption {\n\t\t\t\tmargin-left: 0;\n\t\t\t}\n\t\t\t\/* see gallery_shortcode() in wp-includes\/media.php *\/\n\t\t<\/style>\n\t\t<div id='gallery-1' class='gallery galleryid-22662 gallery-columns-3 gallery-size-medium'><dl class='gallery-item'>\n\t\t\t<dt class='gallery-icon landscape'>\n\t\t\t\t<a href='https:\/\/www.apolinav.cl\/wp-content\/uploads\/2023\/02\/004-2.jpg'><img loading=\"lazy\" decoding=\"async\" width=\"300\" height=\"300\" src=\"https:\/\/www.apolinav.cl\/wp-content\/uploads\/2023\/02\/004-2-300x300.jpg\" class=\"attachment-medium size-medium\" alt=\"\" srcset=\"https:\/\/www.apolinav.cl\/wp-content\/uploads\/2023\/02\/004-2-300x300.jpg 300w, https:\/\/www.apolinav.cl\/wp-content\/uploads\/2023\/02\/004-2-1024x1024.jpg 1024w, https:\/\/www.apolinav.cl\/wp-content\/uploads\/2023\/02\/004-2-150x150.jpg 150w, https:\/\/www.apolinav.cl\/wp-content\/uploads\/2023\/02\/004-2-1536x1536.jpg 1536w, https:\/\/www.apolinav.cl\/wp-content\/uploads\/2023\/02\/004-2-2048x2048.jpg 2048w\" sizes=\"auto, (max-width: 300px) 100vw, 300px\" \/><\/a>\n\t\t\t<\/dt><\/dl><dl class='gallery-item'>\n\t\t\t<dt class='gallery-icon landscape'>\n\t\t\t\t<a href='https:\/\/www.apolinav.cl\/wp-content\/uploads\/2023\/02\/012-1.jpg'><img loading=\"lazy\" decoding=\"async\" width=\"300\" height=\"300\" src=\"https:\/\/www.apolinav.cl\/wp-content\/uploads\/2023\/02\/012-1-300x300.jpg\" class=\"attachment-medium size-medium\" alt=\"\" srcset=\"https:\/\/www.apolinav.cl\/wp-content\/uploads\/2023\/02\/012-1-300x300.jpg 300w, https:\/\/www.apolinav.cl\/wp-content\/uploads\/2023\/02\/012-1-1024x1024.jpg 1024w, https:\/\/www.apolinav.cl\/wp-content\/uploads\/2023\/02\/012-1-150x150.jpg 150w, https:\/\/www.apolinav.cl\/wp-content\/uploads\/2023\/02\/012-1-1536x1536.jpg 1536w, https:\/\/www.apolinav.cl\/wp-content\/uploads\/2023\/02\/012-1-2048x2048.jpg 2048w\" sizes=\"auto, (max-width: 300px) 100vw, 300px\" \/><\/a>\n\t\t\t<\/dt><\/dl><dl class='gallery-item'>\n\t\t\t<dt class='gallery-icon landscape'>\n\t\t\t\t<a href='https:\/\/www.apolinav.cl\/wp-content\/uploads\/2023\/02\/016.jpg'><img loading=\"lazy\" decoding=\"async\" width=\"300\" height=\"300\" src=\"https:\/\/www.apolinav.cl\/wp-content\/uploads\/2023\/02\/016-300x300.jpg\" class=\"attachment-medium size-medium\" alt=\"\" srcset=\"https:\/\/www.apolinav.cl\/wp-content\/uploads\/2023\/02\/016-300x300.jpg 300w, https:\/\/www.apolinav.cl\/wp-content\/uploads\/2023\/02\/016-1024x1024.jpg 1024w, https:\/\/www.apolinav.cl\/wp-content\/uploads\/2023\/02\/016-150x150.jpg 150w, https:\/\/www.apolinav.cl\/wp-content\/uploads\/2023\/02\/016-1536x1536.jpg 1536w, https:\/\/www.apolinav.cl\/wp-content\/uploads\/2023\/02\/016-2048x2048.jpg 2048w\" sizes=\"auto, (max-width: 300px) 100vw, 300px\" \/><\/a>\n\t\t\t<\/dt><\/dl><br style=\"clear: both\" \/>\n\t\t<\/div>\n\n","protected":false},"excerpt":{"rendered":"<p>El lunes 19 de septiembre de 2022, el Regimiento de Presentaci\u00f3n de la Academia Polit\u00e9cnica Naval, con la Banda de Guerra e Instrumental, particip\u00f3 en la Gran Parada Militar a\u00f1o 2022 en conmemoraci\u00f3n del D\u00eda de las Glorias del Ej\u00e9rcito de Chile, en la Elipse del Parque O\u2019Higgins. El desfile fue presidido por el Presidente [&hellip;]<\/p>\n","protected":false},"author":3,"featured_media":22664,"comment_status":"open","ping_status":"open","sticky":false,"template":"","format":"standard","meta":{"footnotes":""},"categories":[42],"tags":[],"class_list":["post-22662","post","type-post","status-publish","format-standard","has-post-thumbnail","hentry","category-actividades-vinculacion"],"_links":{"self":[{"href":"https:\/\/www.apolinav.cl\/index.php\/wp-json\/wp\/v2\/posts\/22662","targetHints":{"allow":["GET"]}}],"collection":[{"href":"https:\/\/www.apolinav.cl\/index.php\/wp-json\/wp\/v2\/posts"}],"about":[{"href":"https:\/\/www.apolinav.cl\/index.php\/wp-json\/wp\/v2\/types\/post"}],"author":[{"embeddable":true,"href":"https:\/\/www.apolinav.cl\/index.php\/wp-json\/wp\/v2\/users\/3"}],"replies":[{"embeddable":true,"href":"https:\/\/www.apolinav.cl\/index.php\/wp-json\/wp\/v2\/comments?post=22662"}],"version-history":[{"count":2,"href":"https:\/\/www.apolinav.cl\/index.php\/wp-json\/wp\/v2\/posts\/22662\/revisions"}],"predecessor-version":[{"id":24059,"href":"https:\/\/www.apolinav.cl\/index.php\/wp-json\/wp\/v2\/posts\/22662\/revisions\/24059"}],"wp:featuredmedia":[{"embeddable":true,"href":"https:\/\/www.apolinav.cl\/index.php\/wp-json\/wp\/v2\/media\/22664"}],"wp:attachment":[{"href":"https:\/\/www.apolinav.cl\/index.php\/wp-json\/wp\/v2\/media?parent=22662"}],"wp:term":[{"taxonomy":"category","embeddable":true,"href":"https:\/\/www.apolinav.cl\/index.php\/wp-json\/wp\/v2\/categories?post=22662"},{"taxonomy":"post_tag","embeddable":true,"href":"https:\/\/www.apolinav.cl\/index.php\/wp-json\/wp\/v2\/tags?post=22662"}],"curies":[{"name":"wp","href":"https:\/\/api.w.org\/{rel}","templated":true}]}}