{"id":22421,"date":"2023-01-19T11:29:00","date_gmt":"2023-01-19T14:29:00","guid":{"rendered":"https:\/\/www.apolinav.cl\/?p=22421"},"modified":"2023-01-20T11:31:59","modified_gmt":"2023-01-20T14:31:59","slug":"academia-politecnica-naval-recibio-la-visita-de-carabineros-de-chile","status":"publish","type":"post","link":"https:\/\/www.apolinav.cl\/index.php\/academia-politecnica-naval-recibio-la-visita-de-carabineros-de-chile\/","title":{"rendered":"ACADEMIA POLIT\u00c9CNICA NAVAL RECIBI\u00d3 LA VISITA DE CARABINEROS DE CHILE."},"content":{"rendered":"<p>Muy grata fue la tarde del jueves 19 de enero cuando el Director de la Academia Polit\u00e9cnica Naval, Capit\u00e1n de Nav\u00edo Fabi\u00e1n Gonz\u00e1lez, recibi\u00f3 la visita del\u00a0 \u00a0Comandante de la Escuela de Formaci\u00f3n de Carabineros\u00a0 \u201cGrupo Vi\u00f1a del Mar\u201d, Mayor de Carabineros Paulo Cort\u00e9s.<\/p>\n<p>Despu\u00e9s de los sencillos saludos protocolares por parte de quienes visten el s\u00edmbolo de las dos carabinas cruzadas, entregaron al Director del Establecimiento Naval un medall\u00f3n en un significativo gesto de uni\u00f3n por el apoyo prestado a la Instituci\u00f3n permitiendo que los alumnos utilizaran las instalaciones, principalmente la piscina, y as\u00ed cumplir con lo establecido en sus programas educacionales.<\/p>\n<p>El Comandante Gonz\u00e1lez agradeci\u00f3 la visita y felicit\u00f3 a Carabineros por el trabajo acad\u00e9mico que realiza la Escuela a la que pertenecen, adem\u00e1s de la entrega diaria que efect\u00faan en beneficio de la ciudadan\u00eda y del pa\u00eds entero.<\/p>\n<p>&nbsp;<\/p>\n","protected":false},"excerpt":{"rendered":"<p>Muy grata fue la tarde del jueves 19 de enero cuando el Director de la Academia Polit\u00e9cnica Naval, Capit\u00e1n de Nav\u00edo Fabi\u00e1n Gonz\u00e1lez, recibi\u00f3 la visita del\u00a0 \u00a0Comandante de la Escuela de Formaci\u00f3n de Carabineros\u00a0 \u201cGrupo Vi\u00f1a del Mar\u201d, Mayor de Carabineros Paulo Cort\u00e9s. Despu\u00e9s de los sencillos saludos protocolares por parte de quienes visten [&hellip;]<\/p>\n","protected":false},"author":3,"featured_media":22422,"comment_status":"open","ping_status":"open","sticky":false,"template":"","format":"standard","meta":{"footnotes":""},"categories":[39],"tags":[],"class_list":["post-22421","post","type-post","status-publish","format-standard","has-post-thumbnail","hentry","category-noticias"],"_links":{"self":[{"href":"https:\/\/www.apolinav.cl\/index.php\/wp-json\/wp\/v2\/posts\/22421","targetHints":{"allow":["GET"]}}],"collection":[{"href":"https:\/\/www.apolinav.cl\/index.php\/wp-json\/wp\/v2\/posts"}],"about":[{"href":"https:\/\/www.apolinav.cl\/index.php\/wp-json\/wp\/v2\/types\/post"}],"author":[{"embeddable":true,"href":"https:\/\/www.apolinav.cl\/index.php\/wp-json\/wp\/v2\/users\/3"}],"replies":[{"embeddable":true,"href":"https:\/\/www.apolinav.cl\/index.php\/wp-json\/wp\/v2\/comments?post=22421"}],"version-history":[{"count":1,"href":"https:\/\/www.apolinav.cl\/index.php\/wp-json\/wp\/v2\/posts\/22421\/revisions"}],"predecessor-version":[{"id":22423,"href":"https:\/\/www.apolinav.cl\/index.php\/wp-json\/wp\/v2\/posts\/22421\/revisions\/22423"}],"wp:featuredmedia":[{"embeddable":true,"href":"https:\/\/www.apolinav.cl\/index.php\/wp-json\/wp\/v2\/media\/22422"}],"wp:attachment":[{"href":"https:\/\/www.apolinav.cl\/index.php\/wp-json\/wp\/v2\/media?parent=22421"}],"wp:term":[{"taxonomy":"category","embeddable":true,"href":"https:\/\/www.apolinav.cl\/index.php\/wp-json\/wp\/v2\/categories?post=22421"},{"taxonomy":"post_tag","embeddable":true,"href":"https:\/\/www.apolinav.cl\/index.php\/wp-json\/wp\/v2\/tags?post=22421"}],"curies":[{"name":"wp","href":"https:\/\/api.w.org\/{rel}","templated":true}]}}