{"id":22353,"date":"2023-01-12T14:42:38","date_gmt":"2023-01-12T17:42:38","guid":{"rendered":"https:\/\/www.apolinav.cl\/?p=22353"},"modified":"2023-01-18T14:45:21","modified_gmt":"2023-01-18T17:45:21","slug":"academia-politecnica-naval-inicia-capacitacion-medoc","status":"publish","type":"post","link":"https:\/\/www.apolinav.cl\/index.php\/academia-politecnica-naval-inicia-capacitacion-medoc\/","title":{"rendered":"ACADEMIA POLIT\u00c9CNICA NAVAL INICIA CAPACITACI\u00d3N  \u201cMEDOC\u201d."},"content":{"rendered":"<p>Vi\u00f1a del Mar. El Subdirector Acad\u00e9mico de la Academia Polit\u00e9cnica Naval, Capit\u00e1n de Nav\u00edo Francisco Mac-Kay, se reuni\u00f3 con los Jefes de Escuelas, Jefes de Estudios y Asesores Acad\u00e9micos para iniciar la capacitaci\u00f3n en torno a los fundamentos, prop\u00f3sitos, desarrollo e implicancias del Modelo de Educaci\u00f3n Naval bajo un enfoque Orientado a Competencias (MEDOC).<\/p>\n<p>La actividad realizada el jueves 12 de enero en la Unidad de Aseguramiento de la Calidad (UAC) dio inicio a una serie de capacitaciones destinadas a \u00a0fortalecer las tem\u00e1ticas propias del quehacer pedag\u00f3gico. En esta ocasi\u00f3n, el Jefe de la UAC., Capit\u00e1n de Nav\u00edo en Retiro Jaime Valenzuela \u00a0junto a las Asesoras del \u00e1rea de An\u00e1lisis, Desarrollo e Innovaci\u00f3n Curricular y Pedag\u00f3gica de la UAC Erna D\u00edaz, Doctora en Educaci\u00f3n, y Cecilia Robledo, Mag\u00edster en Educaci\u00f3n, presentaron las bases conceptuales del curr\u00edculum como un sistema integrado, su concepci\u00f3n en torno a las competencias y elementos propios de un perfil de egreso, todo esto como etapa inicial del MEDOC, el cual sin lugar a dudas, debe responder a las necesidades actuales en la formaci\u00f3n de Educaci\u00f3n Superior, como as\u00ed tambi\u00e9n, a los requerimientos propios de la Instituci\u00f3n.<\/p>\n<p>Dichas capacitaciones continuar\u00e1n trabaj\u00e1ndose, de acuerdo a los hitos que establece el MEDOC, siguiendo una metodolog\u00eda que, como primera etapa, se considera la elaboraci\u00f3n del Perfil de Egreso para cada una de las especialidades de la Academia Polit\u00e9cnica Naval.<\/p>\n\n\t\t<style type=\"text\/css\">\n\t\t\t#gallery-1 {\n\t\t\t\tmargin: auto;\n\t\t\t}\n\t\t\t#gallery-1 .gallery-item {\n\t\t\t\tfloat: left;\n\t\t\t\tmargin-top: 10px;\n\t\t\t\ttext-align: center;\n\t\t\t\twidth: 33%;\n\t\t\t}\n\t\t\t#gallery-1 img {\n\t\t\t\tborder: 2px solid #cfcfcf;\n\t\t\t}\n\t\t\t#gallery-1 .gallery-caption {\n\t\t\t\tmargin-left: 0;\n\t\t\t}\n\t\t\t\/* see gallery_shortcode() in wp-includes\/media.php *\/\n\t\t<\/style>\n\t\t<div id='gallery-1' class='gallery galleryid-22353 gallery-columns-3 gallery-size-medium'><dl class='gallery-item'>\n\t\t\t<dt class='gallery-icon landscape'>\n\t\t\t\t<a href='https:\/\/www.apolinav.cl\/wp-content\/uploads\/2023\/01\/001-3-scaled.jpg'><img loading=\"lazy\" decoding=\"async\" width=\"300\" height=\"300\" src=\"https:\/\/www.apolinav.cl\/wp-content\/uploads\/2023\/01\/001-3-300x300.jpg\" class=\"attachment-medium size-medium\" alt=\"\" srcset=\"https:\/\/www.apolinav.cl\/wp-content\/uploads\/2023\/01\/001-3-300x300.jpg 300w, https:\/\/www.apolinav.cl\/wp-content\/uploads\/2023\/01\/001-3-1024x1024.jpg 1024w, https:\/\/www.apolinav.cl\/wp-content\/uploads\/2023\/01\/001-3-150x150.jpg 150w, https:\/\/www.apolinav.cl\/wp-content\/uploads\/2023\/01\/001-3-1536x1536.jpg 1536w, https:\/\/www.apolinav.cl\/wp-content\/uploads\/2023\/01\/001-3-2048x2048.jpg 2048w\" sizes=\"auto, (max-width: 300px) 100vw, 300px\" \/><\/a>\n\t\t\t<\/dt><\/dl><dl class='gallery-item'>\n\t\t\t<dt class='gallery-icon landscape'>\n\t\t\t\t<a href='https:\/\/www.apolinav.cl\/wp-content\/uploads\/2023\/01\/002-3-scaled.jpg'><img loading=\"lazy\" decoding=\"async\" width=\"300\" height=\"300\" src=\"https:\/\/www.apolinav.cl\/wp-content\/uploads\/2023\/01\/002-3-300x300.jpg\" class=\"attachment-medium size-medium\" alt=\"\" srcset=\"https:\/\/www.apolinav.cl\/wp-content\/uploads\/2023\/01\/002-3-300x300.jpg 300w, https:\/\/www.apolinav.cl\/wp-content\/uploads\/2023\/01\/002-3-1024x1024.jpg 1024w, https:\/\/www.apolinav.cl\/wp-content\/uploads\/2023\/01\/002-3-150x150.jpg 150w, https:\/\/www.apolinav.cl\/wp-content\/uploads\/2023\/01\/002-3-1536x1536.jpg 1536w, https:\/\/www.apolinav.cl\/wp-content\/uploads\/2023\/01\/002-3-2048x2048.jpg 2048w\" sizes=\"auto, (max-width: 300px) 100vw, 300px\" \/><\/a>\n\t\t\t<\/dt><\/dl><dl class='gallery-item'>\n\t\t\t<dt class='gallery-icon landscape'>\n\t\t\t\t<a href='https:\/\/www.apolinav.cl\/wp-content\/uploads\/2023\/01\/003-3-scaled.jpg'><img loading=\"lazy\" decoding=\"async\" width=\"300\" height=\"300\" src=\"https:\/\/www.apolinav.cl\/wp-content\/uploads\/2023\/01\/003-3-300x300.jpg\" class=\"attachment-medium size-medium\" alt=\"\" srcset=\"https:\/\/www.apolinav.cl\/wp-content\/uploads\/2023\/01\/003-3-300x300.jpg 300w, https:\/\/www.apolinav.cl\/wp-content\/uploads\/2023\/01\/003-3-1024x1024.jpg 1024w, https:\/\/www.apolinav.cl\/wp-content\/uploads\/2023\/01\/003-3-150x150.jpg 150w, https:\/\/www.apolinav.cl\/wp-content\/uploads\/2023\/01\/003-3-1536x1536.jpg 1536w, https:\/\/www.apolinav.cl\/wp-content\/uploads\/2023\/01\/003-3-2048x2048.jpg 2048w\" sizes=\"auto, (max-width: 300px) 100vw, 300px\" \/><\/a>\n\t\t\t<\/dt><\/dl><br style=\"clear: both\" \/>\n\t\t<\/div>\n\n","protected":false},"excerpt":{"rendered":"<p>Vi\u00f1a del Mar. El Subdirector Acad\u00e9mico de la Academia Polit\u00e9cnica Naval, Capit\u00e1n de Nav\u00edo Francisco Mac-Kay, se reuni\u00f3 con los Jefes de Escuelas, Jefes de Estudios y Asesores Acad\u00e9micos para iniciar la capacitaci\u00f3n en torno a los fundamentos, prop\u00f3sitos, desarrollo e implicancias del Modelo de Educaci\u00f3n Naval bajo un enfoque Orientado a Competencias (MEDOC). La [&hellip;]<\/p>\n","protected":false},"author":3,"featured_media":22354,"comment_status":"open","ping_status":"open","sticky":false,"template":"","format":"standard","meta":{"footnotes":""},"categories":[39],"tags":[],"class_list":["post-22353","post","type-post","status-publish","format-standard","has-post-thumbnail","hentry","category-noticias"],"_links":{"self":[{"href":"https:\/\/www.apolinav.cl\/index.php\/wp-json\/wp\/v2\/posts\/22353","targetHints":{"allow":["GET"]}}],"collection":[{"href":"https:\/\/www.apolinav.cl\/index.php\/wp-json\/wp\/v2\/posts"}],"about":[{"href":"https:\/\/www.apolinav.cl\/index.php\/wp-json\/wp\/v2\/types\/post"}],"author":[{"embeddable":true,"href":"https:\/\/www.apolinav.cl\/index.php\/wp-json\/wp\/v2\/users\/3"}],"replies":[{"embeddable":true,"href":"https:\/\/www.apolinav.cl\/index.php\/wp-json\/wp\/v2\/comments?post=22353"}],"version-history":[{"count":1,"href":"https:\/\/www.apolinav.cl\/index.php\/wp-json\/wp\/v2\/posts\/22353\/revisions"}],"predecessor-version":[{"id":22357,"href":"https:\/\/www.apolinav.cl\/index.php\/wp-json\/wp\/v2\/posts\/22353\/revisions\/22357"}],"wp:featuredmedia":[{"embeddable":true,"href":"https:\/\/www.apolinav.cl\/index.php\/wp-json\/wp\/v2\/media\/22354"}],"wp:attachment":[{"href":"https:\/\/www.apolinav.cl\/index.php\/wp-json\/wp\/v2\/media?parent=22353"}],"wp:term":[{"taxonomy":"category","embeddable":true,"href":"https:\/\/www.apolinav.cl\/index.php\/wp-json\/wp\/v2\/categories?post=22353"},{"taxonomy":"post_tag","embeddable":true,"href":"https:\/\/www.apolinav.cl\/index.php\/wp-json\/wp\/v2\/tags?post=22353"}],"curies":[{"name":"wp","href":"https:\/\/api.w.org\/{rel}","templated":true}]}}