{"id":20875,"date":"2022-09-25T14:58:07","date_gmt":"2022-09-25T17:58:07","guid":{"rendered":"https:\/\/www.apolinav.cl\/?p=20875"},"modified":"2022-09-28T15:13:45","modified_gmt":"2022-09-28T18:13:45","slug":"academia-politecnica-naval-participo-en-el-dia-de-la-oracion-por-chile","status":"publish","type":"post","link":"https:\/\/www.apolinav.cl\/index.php\/academia-politecnica-naval-participo-en-el-dia-de-la-oracion-por-chile\/","title":{"rendered":"ACADEMIA POLIT\u00c9CNICA NAVAL PARTICIP\u00d3 EN EL \u201cD\u00cdA DE LA ORACI\u00d3N POR CHILE\u201d."},"content":{"rendered":"<p>Vi\u00f1a del Mar. En la Parroquia \u201cVirgen del Carmen\u201d ubicada en la Avenida Libertad, este domingo 25 de septiembre se conmemor\u00f3 el \u201cD\u00eda de la Oraci\u00f3n por Chile\u201d, actividad donde particip\u00f3 una delegaci\u00f3n de la Academia Polit\u00e9cnica Naval a cargo del Capit\u00e1n de Corbeta Felipe Mendez y conformada por la Banda Instrumental, Estandarte y escoltas.<\/p>\n<p>La actividad comenz\u00f3 a las 17.00 horas con una Procesi\u00f3n de la Sant\u00edsima Virgen del Carmen, Patrona y Generala de las Fuerzas Armadas, Carabineros y la Polic\u00eda de Investigaciones de Chile, la que culmin\u00f3 con una Eucarist\u00eda Solemne en el Templo en la que participaron delegaciones de las Fuerzas Armadas y de Orden, organizaciones civiles, colegios y p\u00fablico en general.<\/p>\n<p>Tanto en el recorrido realizado por las calles de la Ciudad Jard\u00edn como en la Santa Eucarist\u00eda presidida por los Sacerdotes de la Parroquia Virgen del Carmen, oraron por la Patria y pidieron a la Virgen que intercediera ante el Padre para superar todos los momentos dif\u00edciles que viven nuestros hermanos y compatriotas.<\/p>\n\n\t\t<style type=\"text\/css\">\n\t\t\t#gallery-1 {\n\t\t\t\tmargin: auto;\n\t\t\t}\n\t\t\t#gallery-1 .gallery-item {\n\t\t\t\tfloat: left;\n\t\t\t\tmargin-top: 10px;\n\t\t\t\ttext-align: center;\n\t\t\t\twidth: 33%;\n\t\t\t}\n\t\t\t#gallery-1 img {\n\t\t\t\tborder: 2px solid #cfcfcf;\n\t\t\t}\n\t\t\t#gallery-1 .gallery-caption {\n\t\t\t\tmargin-left: 0;\n\t\t\t}\n\t\t\t\/* see gallery_shortcode() in wp-includes\/media.php *\/\n\t\t<\/style>\n\t\t<div id='gallery-1' class='gallery galleryid-20875 gallery-columns-3 gallery-size-medium'><dl class='gallery-item'>\n\t\t\t<dt class='gallery-icon portrait'>\n\t\t\t\t<a href='https:\/\/www.apolinav.cl\/wp-content\/uploads\/2022\/09\/008-6.jpg'><img loading=\"lazy\" decoding=\"async\" width=\"300\" height=\"300\" src=\"https:\/\/www.apolinav.cl\/wp-content\/uploads\/2022\/09\/008-6-300x300.jpg\" class=\"attachment-medium size-medium\" alt=\"\" srcset=\"https:\/\/www.apolinav.cl\/wp-content\/uploads\/2022\/09\/008-6-300x300.jpg 300w, https:\/\/www.apolinav.cl\/wp-content\/uploads\/2022\/09\/008-6-1024x1024.jpg 1024w, https:\/\/www.apolinav.cl\/wp-content\/uploads\/2022\/09\/008-6-150x150.jpg 150w, https:\/\/www.apolinav.cl\/wp-content\/uploads\/2022\/09\/008-6-1536x1536.jpg 1536w, https:\/\/www.apolinav.cl\/wp-content\/uploads\/2022\/09\/008-6-2048x2048.jpg 2048w\" sizes=\"auto, (max-width: 300px) 100vw, 300px\" \/><\/a>\n\t\t\t<\/dt><\/dl><dl class='gallery-item'>\n\t\t\t<dt class='gallery-icon portrait'>\n\t\t\t\t<a href='https:\/\/www.apolinav.cl\/wp-content\/uploads\/2022\/09\/011-3.jpg'><img loading=\"lazy\" decoding=\"async\" width=\"300\" height=\"300\" src=\"https:\/\/www.apolinav.cl\/wp-content\/uploads\/2022\/09\/011-3-300x300.jpg\" class=\"attachment-medium size-medium\" alt=\"\" srcset=\"https:\/\/www.apolinav.cl\/wp-content\/uploads\/2022\/09\/011-3-300x300.jpg 300w, https:\/\/www.apolinav.cl\/wp-content\/uploads\/2022\/09\/011-3-1024x1024.jpg 1024w, https:\/\/www.apolinav.cl\/wp-content\/uploads\/2022\/09\/011-3-150x150.jpg 150w, https:\/\/www.apolinav.cl\/wp-content\/uploads\/2022\/09\/011-3-1536x1536.jpg 1536w, https:\/\/www.apolinav.cl\/wp-content\/uploads\/2022\/09\/011-3-2048x2048.jpg 2048w\" sizes=\"auto, (max-width: 300px) 100vw, 300px\" \/><\/a>\n\t\t\t<\/dt><\/dl><dl class='gallery-item'>\n\t\t\t<dt class='gallery-icon portrait'>\n\t\t\t\t<a href='https:\/\/www.apolinav.cl\/wp-content\/uploads\/2022\/09\/012-2.jpg'><img loading=\"lazy\" decoding=\"async\" width=\"300\" height=\"300\" src=\"https:\/\/www.apolinav.cl\/wp-content\/uploads\/2022\/09\/012-2-300x300.jpg\" class=\"attachment-medium size-medium\" alt=\"\" srcset=\"https:\/\/www.apolinav.cl\/wp-content\/uploads\/2022\/09\/012-2-300x300.jpg 300w, https:\/\/www.apolinav.cl\/wp-content\/uploads\/2022\/09\/012-2-1024x1024.jpg 1024w, https:\/\/www.apolinav.cl\/wp-content\/uploads\/2022\/09\/012-2-150x150.jpg 150w, https:\/\/www.apolinav.cl\/wp-content\/uploads\/2022\/09\/012-2-1536x1536.jpg 1536w, https:\/\/www.apolinav.cl\/wp-content\/uploads\/2022\/09\/012-2-2048x2048.jpg 2048w\" sizes=\"auto, (max-width: 300px) 100vw, 300px\" \/><\/a>\n\t\t\t<\/dt><\/dl><br style=\"clear: both\" \/>\n\t\t<\/div>\n\n","protected":false},"excerpt":{"rendered":"<p>Vi\u00f1a del Mar. En la Parroquia \u201cVirgen del Carmen\u201d ubicada en la Avenida Libertad, este domingo 25 de septiembre se conmemor\u00f3 el \u201cD\u00eda de la Oraci\u00f3n por Chile\u201d, actividad donde particip\u00f3 una delegaci\u00f3n de la Academia Polit\u00e9cnica Naval a cargo del Capit\u00e1n de Corbeta Felipe Mendez y conformada por la Banda Instrumental, Estandarte y escoltas. [&hellip;]<\/p>\n","protected":false},"author":3,"featured_media":20877,"comment_status":"open","ping_status":"open","sticky":false,"template":"","format":"standard","meta":{"footnotes":""},"categories":[39],"tags":[],"class_list":["post-20875","post","type-post","status-publish","format-standard","has-post-thumbnail","hentry","category-noticias"],"_links":{"self":[{"href":"https:\/\/www.apolinav.cl\/index.php\/wp-json\/wp\/v2\/posts\/20875","targetHints":{"allow":["GET"]}}],"collection":[{"href":"https:\/\/www.apolinav.cl\/index.php\/wp-json\/wp\/v2\/posts"}],"about":[{"href":"https:\/\/www.apolinav.cl\/index.php\/wp-json\/wp\/v2\/types\/post"}],"author":[{"embeddable":true,"href":"https:\/\/www.apolinav.cl\/index.php\/wp-json\/wp\/v2\/users\/3"}],"replies":[{"embeddable":true,"href":"https:\/\/www.apolinav.cl\/index.php\/wp-json\/wp\/v2\/comments?post=20875"}],"version-history":[{"count":1,"href":"https:\/\/www.apolinav.cl\/index.php\/wp-json\/wp\/v2\/posts\/20875\/revisions"}],"predecessor-version":[{"id":20880,"href":"https:\/\/www.apolinav.cl\/index.php\/wp-json\/wp\/v2\/posts\/20875\/revisions\/20880"}],"wp:featuredmedia":[{"embeddable":true,"href":"https:\/\/www.apolinav.cl\/index.php\/wp-json\/wp\/v2\/media\/20877"}],"wp:attachment":[{"href":"https:\/\/www.apolinav.cl\/index.php\/wp-json\/wp\/v2\/media?parent=20875"}],"wp:term":[{"taxonomy":"category","embeddable":true,"href":"https:\/\/www.apolinav.cl\/index.php\/wp-json\/wp\/v2\/categories?post=20875"},{"taxonomy":"post_tag","embeddable":true,"href":"https:\/\/www.apolinav.cl\/index.php\/wp-json\/wp\/v2\/tags?post=20875"}],"curies":[{"name":"wp","href":"https:\/\/api.w.org\/{rel}","templated":true}]}}