{"id":20499,"date":"2022-08-30T14:01:15","date_gmt":"2022-08-30T18:01:15","guid":{"rendered":"https:\/\/www.apolinav.cl\/?p=20499"},"modified":"2022-08-31T14:01:49","modified_gmt":"2022-08-31T18:01:49","slug":"acuerdo-de-colaboracion-entre-el-museo-maritimo-nacional-y-la-academia-politecnica-naval","status":"publish","type":"post","link":"https:\/\/www.apolinav.cl\/index.php\/acuerdo-de-colaboracion-entre-el-museo-maritimo-nacional-y-la-academia-politecnica-naval\/","title":{"rendered":"ACUERDO  DE COLABORACI\u00d3N ENTRE  EL MUSEO MAR\u00cdTIMO NACIONAL Y LA ACADEMIA POLIT\u00c9CNICA NAVAL."},"content":{"rendered":"<p>Vi\u00f1a del Mar. En las dependencias de la Academia Polit\u00e9cnica Naval, este martes 30 de agosto, entre el Museo Mar\u00edtimo Nacional y la Academia Polit\u00e9cnica Naval, se firm\u00f3 un convenio de colaboraci\u00f3n mutua, con el objetivo de realizar actividades conjuntas tendientes a difundir la historia y el patrimonio, la cultura naval y mar\u00edtima.<\/p>\n<p>Participaron de este acuerdo en representaci\u00f3n del M.M.N., el Jefe Militar del Museo, Capit\u00e1n de Corbeta Piero Fagandini, el Jefe del Departamento Museolog\u00eda, Profesor de Historia y Geograf\u00eda\u00a0 Marco Fern\u00e1ndez y la Jefa del Departamento Conservaci\u00f3n, Restauradora Doris Valdeavellano. Por la A.P.N., particip\u00f3 su Director, el Capit\u00e1n de Nav\u00edo Fabi\u00e1n Gonz\u00e1lez\u00a0 y el Jefe del Departamento de Extensi\u00f3n y Vinculaci\u00f3n con el Medio, Capit\u00e1n de Fragata Ren\u00e9 Briones.<\/p>\n<p>Dicho acuerdo contribuye en la formaci\u00f3n de los alumnos de la Academia Polit\u00e9cnica y difunde el conocimiento, la comprensi\u00f3n de la historia naval y mar\u00edtima de la Instituci\u00f3n, forjando as\u00ed la identidad del uniformado que es necesaria para todo miembro de la Armada de Chile. As\u00ed mismo, la A.P.N. continuar\u00e1 ejecutando trabajos colaborativos con el M.M.N., que permitan la difusi\u00f3n en la sociedad de la importancia del Patrimonio Mar\u00edtimo Nacional, contribuyendo a la creaci\u00f3n de la conciencia mar\u00edtima de la ciudadan\u00eda.<\/p>\n\n\t\t<style type=\"text\/css\">\n\t\t\t#gallery-1 {\n\t\t\t\tmargin: auto;\n\t\t\t}\n\t\t\t#gallery-1 .gallery-item {\n\t\t\t\tfloat: left;\n\t\t\t\tmargin-top: 10px;\n\t\t\t\ttext-align: center;\n\t\t\t\twidth: 33%;\n\t\t\t}\n\t\t\t#gallery-1 img {\n\t\t\t\tborder: 2px solid #cfcfcf;\n\t\t\t}\n\t\t\t#gallery-1 .gallery-caption {\n\t\t\t\tmargin-left: 0;\n\t\t\t}\n\t\t\t\/* see gallery_shortcode() in wp-includes\/media.php *\/\n\t\t<\/style>\n\t\t<div id='gallery-1' class='gallery galleryid-20499 gallery-columns-3 gallery-size-medium'><dl class='gallery-item'>\n\t\t\t<dt class='gallery-icon landscape'>\n\t\t\t\t<a href='https:\/\/www.apolinav.cl\/wp-content\/uploads\/2022\/08\/001-13.jpg'><img loading=\"lazy\" decoding=\"async\" width=\"300\" height=\"300\" src=\"https:\/\/www.apolinav.cl\/wp-content\/uploads\/2022\/08\/001-13-300x300.jpg\" class=\"attachment-medium size-medium\" alt=\"\" srcset=\"https:\/\/www.apolinav.cl\/wp-content\/uploads\/2022\/08\/001-13-300x300.jpg 300w, https:\/\/www.apolinav.cl\/wp-content\/uploads\/2022\/08\/001-13-1024x1024.jpg 1024w, https:\/\/www.apolinav.cl\/wp-content\/uploads\/2022\/08\/001-13-150x150.jpg 150w, https:\/\/www.apolinav.cl\/wp-content\/uploads\/2022\/08\/001-13-1536x1536.jpg 1536w, https:\/\/www.apolinav.cl\/wp-content\/uploads\/2022\/08\/001-13-2048x2048.jpg 2048w\" sizes=\"auto, (max-width: 300px) 100vw, 300px\" \/><\/a>\n\t\t\t<\/dt><\/dl><dl class='gallery-item'>\n\t\t\t<dt class='gallery-icon landscape'>\n\t\t\t\t<a href='https:\/\/www.apolinav.cl\/wp-content\/uploads\/2022\/08\/002-12.jpg'><img loading=\"lazy\" decoding=\"async\" width=\"300\" height=\"300\" src=\"https:\/\/www.apolinav.cl\/wp-content\/uploads\/2022\/08\/002-12-300x300.jpg\" class=\"attachment-medium size-medium\" alt=\"\" srcset=\"https:\/\/www.apolinav.cl\/wp-content\/uploads\/2022\/08\/002-12-300x300.jpg 300w, https:\/\/www.apolinav.cl\/wp-content\/uploads\/2022\/08\/002-12-1024x1024.jpg 1024w, https:\/\/www.apolinav.cl\/wp-content\/uploads\/2022\/08\/002-12-150x150.jpg 150w, https:\/\/www.apolinav.cl\/wp-content\/uploads\/2022\/08\/002-12-1536x1536.jpg 1536w, https:\/\/www.apolinav.cl\/wp-content\/uploads\/2022\/08\/002-12-2048x2048.jpg 2048w\" sizes=\"auto, (max-width: 300px) 100vw, 300px\" \/><\/a>\n\t\t\t<\/dt><\/dl><dl class='gallery-item'>\n\t\t\t<dt class='gallery-icon landscape'>\n\t\t\t\t<a href='https:\/\/www.apolinav.cl\/wp-content\/uploads\/2022\/08\/003-10.jpg'><img loading=\"lazy\" decoding=\"async\" width=\"300\" height=\"300\" src=\"https:\/\/www.apolinav.cl\/wp-content\/uploads\/2022\/08\/003-10-300x300.jpg\" class=\"attachment-medium size-medium\" alt=\"\" srcset=\"https:\/\/www.apolinav.cl\/wp-content\/uploads\/2022\/08\/003-10-300x300.jpg 300w, https:\/\/www.apolinav.cl\/wp-content\/uploads\/2022\/08\/003-10-1024x1024.jpg 1024w, https:\/\/www.apolinav.cl\/wp-content\/uploads\/2022\/08\/003-10-150x150.jpg 150w, https:\/\/www.apolinav.cl\/wp-content\/uploads\/2022\/08\/003-10-1536x1536.jpg 1536w, https:\/\/www.apolinav.cl\/wp-content\/uploads\/2022\/08\/003-10-2048x2048.jpg 2048w\" sizes=\"auto, (max-width: 300px) 100vw, 300px\" \/><\/a>\n\t\t\t<\/dt><\/dl><br style=\"clear: both\" \/><dl class='gallery-item'>\n\t\t\t<dt class='gallery-icon landscape'>\n\t\t\t\t<a href='https:\/\/www.apolinav.cl\/wp-content\/uploads\/2022\/08\/004-7.jpg'><img loading=\"lazy\" decoding=\"async\" width=\"300\" height=\"300\" src=\"https:\/\/www.apolinav.cl\/wp-content\/uploads\/2022\/08\/004-7-300x300.jpg\" class=\"attachment-medium size-medium\" alt=\"\" srcset=\"https:\/\/www.apolinav.cl\/wp-content\/uploads\/2022\/08\/004-7-300x300.jpg 300w, https:\/\/www.apolinav.cl\/wp-content\/uploads\/2022\/08\/004-7-1024x1024.jpg 1024w, https:\/\/www.apolinav.cl\/wp-content\/uploads\/2022\/08\/004-7-150x150.jpg 150w, https:\/\/www.apolinav.cl\/wp-content\/uploads\/2022\/08\/004-7-1536x1536.jpg 1536w, https:\/\/www.apolinav.cl\/wp-content\/uploads\/2022\/08\/004-7-2048x2048.jpg 2048w\" sizes=\"auto, (max-width: 300px) 100vw, 300px\" \/><\/a>\n\t\t\t<\/dt><\/dl><dl class='gallery-item'>\n\t\t\t<dt class='gallery-icon landscape'>\n\t\t\t\t<a href='https:\/\/www.apolinav.cl\/wp-content\/uploads\/2022\/08\/005-7.jpg'><img loading=\"lazy\" decoding=\"async\" width=\"300\" height=\"300\" src=\"https:\/\/www.apolinav.cl\/wp-content\/uploads\/2022\/08\/005-7-300x300.jpg\" class=\"attachment-medium size-medium\" alt=\"\" srcset=\"https:\/\/www.apolinav.cl\/wp-content\/uploads\/2022\/08\/005-7-300x300.jpg 300w, https:\/\/www.apolinav.cl\/wp-content\/uploads\/2022\/08\/005-7-1024x1024.jpg 1024w, https:\/\/www.apolinav.cl\/wp-content\/uploads\/2022\/08\/005-7-150x150.jpg 150w, https:\/\/www.apolinav.cl\/wp-content\/uploads\/2022\/08\/005-7-1536x1536.jpg 1536w, https:\/\/www.apolinav.cl\/wp-content\/uploads\/2022\/08\/005-7-2048x2048.jpg 2048w\" sizes=\"auto, (max-width: 300px) 100vw, 300px\" \/><\/a>\n\t\t\t<\/dt><\/dl>\n\t\t\t<br style='clear: both' \/>\n\t\t<\/div>\n\n","protected":false},"excerpt":{"rendered":"<p>Vi\u00f1a del Mar. En las dependencias de la Academia Polit\u00e9cnica Naval, este martes 30 de agosto, entre el Museo Mar\u00edtimo Nacional y la Academia Polit\u00e9cnica Naval, se firm\u00f3 un convenio de colaboraci\u00f3n mutua, con el objetivo de realizar actividades conjuntas tendientes a difundir la historia y el patrimonio, la cultura naval y mar\u00edtima. Participaron de [&hellip;]<\/p>\n","protected":false},"author":3,"featured_media":20500,"comment_status":"open","ping_status":"open","sticky":false,"template":"","format":"standard","meta":{"footnotes":""},"categories":[39],"tags":[],"class_list":["post-20499","post","type-post","status-publish","format-standard","has-post-thumbnail","hentry","category-noticias"],"_links":{"self":[{"href":"https:\/\/www.apolinav.cl\/index.php\/wp-json\/wp\/v2\/posts\/20499","targetHints":{"allow":["GET"]}}],"collection":[{"href":"https:\/\/www.apolinav.cl\/index.php\/wp-json\/wp\/v2\/posts"}],"about":[{"href":"https:\/\/www.apolinav.cl\/index.php\/wp-json\/wp\/v2\/types\/post"}],"author":[{"embeddable":true,"href":"https:\/\/www.apolinav.cl\/index.php\/wp-json\/wp\/v2\/users\/3"}],"replies":[{"embeddable":true,"href":"https:\/\/www.apolinav.cl\/index.php\/wp-json\/wp\/v2\/comments?post=20499"}],"version-history":[{"count":1,"href":"https:\/\/www.apolinav.cl\/index.php\/wp-json\/wp\/v2\/posts\/20499\/revisions"}],"predecessor-version":[{"id":20505,"href":"https:\/\/www.apolinav.cl\/index.php\/wp-json\/wp\/v2\/posts\/20499\/revisions\/20505"}],"wp:featuredmedia":[{"embeddable":true,"href":"https:\/\/www.apolinav.cl\/index.php\/wp-json\/wp\/v2\/media\/20500"}],"wp:attachment":[{"href":"https:\/\/www.apolinav.cl\/index.php\/wp-json\/wp\/v2\/media?parent=20499"}],"wp:term":[{"taxonomy":"category","embeddable":true,"href":"https:\/\/www.apolinav.cl\/index.php\/wp-json\/wp\/v2\/categories?post=20499"},{"taxonomy":"post_tag","embeddable":true,"href":"https:\/\/www.apolinav.cl\/index.php\/wp-json\/wp\/v2\/tags?post=20499"}],"curies":[{"name":"wp","href":"https:\/\/api.w.org\/{rel}","templated":true}]}}