{"id":20211,"date":"2022-08-10T15:41:58","date_gmt":"2022-08-10T19:41:58","guid":{"rendered":"https:\/\/www.apolinav.cl\/?p=20211"},"modified":"2022-08-10T15:41:58","modified_gmt":"2022-08-10T19:41:58","slug":"academia-politecnica-naval-conmemoro-los-61-anos-de-su-creacion","status":"publish","type":"post","link":"https:\/\/www.apolinav.cl\/index.php\/academia-politecnica-naval-conmemoro-los-61-anos-de-su-creacion\/","title":{"rendered":"ACADEMIA POLIT\u00c9CNICA NAVAL CONMEMOR\u00d3 LOS 61 A\u00d1OS DE SU CREACI\u00d3N."},"content":{"rendered":"<p>Vi\u00f1a del Mar. Este mi\u00e9rcoles 10 de agosto, se conmemor\u00f3 el sexag\u00e9simo primer aniversario de la creaci\u00f3n de la Academia Polit\u00e9cnica Naval como Estamento de Educaci\u00f3n Superior de la Armada, con una ceremonia interna realizada en el patio principal donde se destac\u00f3 el perfeccionamiento del proceso de formaci\u00f3n de los profesionales y t\u00e9cnicos de las distintas dotaciones de la\u00a0 Marina del futuro.<\/p>\n<p>La ceremonia fue presidida por el Director de General del Personal de la Armada, Vicealmirante Ramiro Navajas, quien estuvo acompa\u00f1ado del Director de Ingenier\u00eda y Sistemas Navales, Contraalmirante Pablo Cifuentes, del Director de Educaci\u00f3n de la Armada, Contraalmirante Sebasti\u00e1n Guti\u00e9rrez, del Director de Recursos Humanos de la Armada, Capit\u00e1n de Nav\u00edo \u00d3scar Manzano, Directores de las Escuelas y Academias de la Armada, representantes de las Academias Polit\u00e9cnicas Militar, Aeron\u00e1utica, Carabineros y Polic\u00eda de Investigaciones, invitados especiales, profesores y alumnos de la APN.<\/p>\n<p>Al iniciar la actividad, se dio lectura al mensaje del Comandante en Jefe de la Armada, Almirante Juan Andr\u00e9s De La Maza, donde recalc\u00f3 la important\u00edsima tarea de especializar y capacitar a todos los Oficiales y Gente de Mar. Posteriormente, el Director de la Academia, Capit\u00e1n de Nav\u00edo Fabi\u00e1n Gonz\u00e1lez se dirigi\u00f3 a los presentes remarcando la trayectoria de la Academia, desde su creaci\u00f3n destacando los diferentes hitos que han marcado sus 61 a\u00f1os de existencia.<\/p>\n<p>En su discurso, el Comandante Gonz\u00e1lez expres\u00f3 que: Hoy la Academia se concentra en dos lugares f\u00edsicos, el Campus Hyatt que alberga a las Escuelas de Armamentos, Ingenier\u00eda, Operaciones, Sanidad, Buceo y de Incendio, y el Campus Charles donde se concentran las Escuelas de Infanter\u00eda, Abastecimiento, Litoral y Faros y desde el a\u00f1o 2015, la Escuela de Fuerzas Especiales. Es decir, es esta nueva concentraci\u00f3n busc\u00f3 mejorar procesos de ejecuci\u00f3n, desarrollo y control acad\u00e9mico de todas las especialidades profesionales y t\u00e9cnicas.<\/p>\n<p>En este nuevo aniversario la Academia se encuentra preparando el cuarto proceso de Acreditaci\u00f3n ante la Comisi\u00f3n Nacional de Acreditaci\u00f3n para el a\u00f1o 2023, esta vez present\u00e1ndose con la dimensi\u00f3n de Vinculaci\u00f3n con el Medio. Sum\u00e1ndose los Encuentros de Innovaci\u00f3n P\u00fablica \u201cInnovapolinav\u201d, para el 13 y 14 de octubre, los desaf\u00edos de Innovaci\u00f3n abierta \u201cAvante\u201d, como la participaci\u00f3n de un nuevo programa de innovaci\u00f3n a nivel institucional \u201cRizo\u201d.<\/p>\n<p>Finalmente, Director del Personal de la Armada, inst\u00f3 a los futuros especialistas a estudiar m\u00e1s all\u00e1 de la capacitaci\u00f3n profesional entregada por la Academia, prepar\u00e1ndose en el plano humanista y cultural. Conocer la historia, cultura y contar con un pensamiento cr\u00edtico objeto brillar siempre en cualquier momento y lugar.<\/p>\n<p>&nbsp;<\/p>\n\n\t\t<style type=\"text\/css\">\n\t\t\t#gallery-1 {\n\t\t\t\tmargin: auto;\n\t\t\t}\n\t\t\t#gallery-1 .gallery-item {\n\t\t\t\tfloat: left;\n\t\t\t\tmargin-top: 10px;\n\t\t\t\ttext-align: center;\n\t\t\t\twidth: 33%;\n\t\t\t}\n\t\t\t#gallery-1 img {\n\t\t\t\tborder: 2px solid #cfcfcf;\n\t\t\t}\n\t\t\t#gallery-1 .gallery-caption {\n\t\t\t\tmargin-left: 0;\n\t\t\t}\n\t\t\t\/* see gallery_shortcode() in wp-includes\/media.php *\/\n\t\t<\/style>\n\t\t<div id='gallery-1' class='gallery galleryid-20211 gallery-columns-3 gallery-size-medium'><dl class='gallery-item'>\n\t\t\t<dt class='gallery-icon landscape'>\n\t\t\t\t<a href='https:\/\/www.apolinav.cl\/wp-content\/uploads\/2022\/08\/001-5.jpg'><img loading=\"lazy\" decoding=\"async\" width=\"300\" height=\"300\" src=\"https:\/\/www.apolinav.cl\/wp-content\/uploads\/2022\/08\/001-5-300x300.jpg\" class=\"attachment-medium size-medium\" alt=\"\" srcset=\"https:\/\/www.apolinav.cl\/wp-content\/uploads\/2022\/08\/001-5-300x300.jpg 300w, https:\/\/www.apolinav.cl\/wp-content\/uploads\/2022\/08\/001-5-1024x1024.jpg 1024w, https:\/\/www.apolinav.cl\/wp-content\/uploads\/2022\/08\/001-5-150x150.jpg 150w, https:\/\/www.apolinav.cl\/wp-content\/uploads\/2022\/08\/001-5-1536x1536.jpg 1536w, https:\/\/www.apolinav.cl\/wp-content\/uploads\/2022\/08\/001-5-2048x2048.jpg 2048w\" sizes=\"auto, (max-width: 300px) 100vw, 300px\" \/><\/a>\n\t\t\t<\/dt><\/dl><dl class='gallery-item'>\n\t\t\t<dt class='gallery-icon landscape'>\n\t\t\t\t<a href='https:\/\/www.apolinav.cl\/wp-content\/uploads\/2022\/08\/002-5.jpg'><img loading=\"lazy\" decoding=\"async\" width=\"300\" height=\"300\" src=\"https:\/\/www.apolinav.cl\/wp-content\/uploads\/2022\/08\/002-5-300x300.jpg\" class=\"attachment-medium size-medium\" alt=\"\" srcset=\"https:\/\/www.apolinav.cl\/wp-content\/uploads\/2022\/08\/002-5-300x300.jpg 300w, https:\/\/www.apolinav.cl\/wp-content\/uploads\/2022\/08\/002-5-1024x1024.jpg 1024w, https:\/\/www.apolinav.cl\/wp-content\/uploads\/2022\/08\/002-5-150x150.jpg 150w, https:\/\/www.apolinav.cl\/wp-content\/uploads\/2022\/08\/002-5-1536x1536.jpg 1536w, https:\/\/www.apolinav.cl\/wp-content\/uploads\/2022\/08\/002-5-2048x2048.jpg 2048w\" sizes=\"auto, (max-width: 300px) 100vw, 300px\" \/><\/a>\n\t\t\t<\/dt><\/dl><dl class='gallery-item'>\n\t\t\t<dt class='gallery-icon landscape'>\n\t\t\t\t<a href='https:\/\/www.apolinav.cl\/wp-content\/uploads\/2022\/08\/003-3.jpg'><img loading=\"lazy\" decoding=\"async\" width=\"300\" height=\"300\" src=\"https:\/\/www.apolinav.cl\/wp-content\/uploads\/2022\/08\/003-3-300x300.jpg\" class=\"attachment-medium size-medium\" alt=\"\" srcset=\"https:\/\/www.apolinav.cl\/wp-content\/uploads\/2022\/08\/003-3-300x300.jpg 300w, https:\/\/www.apolinav.cl\/wp-content\/uploads\/2022\/08\/003-3-1024x1024.jpg 1024w, https:\/\/www.apolinav.cl\/wp-content\/uploads\/2022\/08\/003-3-150x150.jpg 150w, https:\/\/www.apolinav.cl\/wp-content\/uploads\/2022\/08\/003-3-1536x1536.jpg 1536w, https:\/\/www.apolinav.cl\/wp-content\/uploads\/2022\/08\/003-3-2048x2048.jpg 2048w\" sizes=\"auto, (max-width: 300px) 100vw, 300px\" \/><\/a>\n\t\t\t<\/dt><\/dl><br style=\"clear: both\" \/><dl class='gallery-item'>\n\t\t\t<dt class='gallery-icon landscape'>\n\t\t\t\t<a href='https:\/\/www.apolinav.cl\/wp-content\/uploads\/2022\/08\/004-1.jpg'><img loading=\"lazy\" decoding=\"async\" width=\"300\" height=\"300\" src=\"https:\/\/www.apolinav.cl\/wp-content\/uploads\/2022\/08\/004-1-300x300.jpg\" class=\"attachment-medium size-medium\" alt=\"\" srcset=\"https:\/\/www.apolinav.cl\/wp-content\/uploads\/2022\/08\/004-1-300x300.jpg 300w, https:\/\/www.apolinav.cl\/wp-content\/uploads\/2022\/08\/004-1-1024x1024.jpg 1024w, https:\/\/www.apolinav.cl\/wp-content\/uploads\/2022\/08\/004-1-150x150.jpg 150w, https:\/\/www.apolinav.cl\/wp-content\/uploads\/2022\/08\/004-1-1536x1536.jpg 1536w, https:\/\/www.apolinav.cl\/wp-content\/uploads\/2022\/08\/004-1-2048x2048.jpg 2048w\" sizes=\"auto, (max-width: 300px) 100vw, 300px\" \/><\/a>\n\t\t\t<\/dt><\/dl><dl class='gallery-item'>\n\t\t\t<dt class='gallery-icon landscape'>\n\t\t\t\t<a href='https:\/\/www.apolinav.cl\/wp-content\/uploads\/2022\/08\/005-1.jpg'><img loading=\"lazy\" decoding=\"async\" width=\"300\" height=\"300\" src=\"https:\/\/www.apolinav.cl\/wp-content\/uploads\/2022\/08\/005-1-300x300.jpg\" class=\"attachment-medium size-medium\" alt=\"\" srcset=\"https:\/\/www.apolinav.cl\/wp-content\/uploads\/2022\/08\/005-1-300x300.jpg 300w, https:\/\/www.apolinav.cl\/wp-content\/uploads\/2022\/08\/005-1-1024x1024.jpg 1024w, https:\/\/www.apolinav.cl\/wp-content\/uploads\/2022\/08\/005-1-150x150.jpg 150w, https:\/\/www.apolinav.cl\/wp-content\/uploads\/2022\/08\/005-1-1536x1536.jpg 1536w, https:\/\/www.apolinav.cl\/wp-content\/uploads\/2022\/08\/005-1-2048x2048.jpg 2048w\" sizes=\"auto, (max-width: 300px) 100vw, 300px\" \/><\/a>\n\t\t\t<\/dt><\/dl><dl class='gallery-item'>\n\t\t\t<dt class='gallery-icon landscape'>\n\t\t\t\t<a href='https:\/\/www.apolinav.cl\/wp-content\/uploads\/2022\/08\/006-2.jpg'><img loading=\"lazy\" decoding=\"async\" width=\"300\" height=\"300\" src=\"https:\/\/www.apolinav.cl\/wp-content\/uploads\/2022\/08\/006-2-300x300.jpg\" class=\"attachment-medium size-medium\" alt=\"\" srcset=\"https:\/\/www.apolinav.cl\/wp-content\/uploads\/2022\/08\/006-2-300x300.jpg 300w, https:\/\/www.apolinav.cl\/wp-content\/uploads\/2022\/08\/006-2-1024x1024.jpg 1024w, https:\/\/www.apolinav.cl\/wp-content\/uploads\/2022\/08\/006-2-150x150.jpg 150w, https:\/\/www.apolinav.cl\/wp-content\/uploads\/2022\/08\/006-2-1536x1536.jpg 1536w, https:\/\/www.apolinav.cl\/wp-content\/uploads\/2022\/08\/006-2-2048x2048.jpg 2048w\" sizes=\"auto, (max-width: 300px) 100vw, 300px\" \/><\/a>\n\t\t\t<\/dt><\/dl><br style=\"clear: both\" \/>\n\t\t<\/div>\n\n","protected":false},"excerpt":{"rendered":"<p>Vi\u00f1a del Mar. Este mi\u00e9rcoles 10 de agosto, se conmemor\u00f3 el sexag\u00e9simo primer aniversario de la creaci\u00f3n de la Academia Polit\u00e9cnica Naval como Estamento de Educaci\u00f3n Superior de la Armada, con una ceremonia interna realizada en el patio principal donde se destac\u00f3 el perfeccionamiento del proceso de formaci\u00f3n de los profesionales y t\u00e9cnicos de las [&hellip;]<\/p>\n","protected":false},"author":3,"featured_media":20212,"comment_status":"open","ping_status":"open","sticky":false,"template":"","format":"standard","meta":{"footnotes":""},"categories":[39],"tags":[],"class_list":["post-20211","post","type-post","status-publish","format-standard","has-post-thumbnail","hentry","category-noticias"],"_links":{"self":[{"href":"https:\/\/www.apolinav.cl\/index.php\/wp-json\/wp\/v2\/posts\/20211","targetHints":{"allow":["GET"]}}],"collection":[{"href":"https:\/\/www.apolinav.cl\/index.php\/wp-json\/wp\/v2\/posts"}],"about":[{"href":"https:\/\/www.apolinav.cl\/index.php\/wp-json\/wp\/v2\/types\/post"}],"author":[{"embeddable":true,"href":"https:\/\/www.apolinav.cl\/index.php\/wp-json\/wp\/v2\/users\/3"}],"replies":[{"embeddable":true,"href":"https:\/\/www.apolinav.cl\/index.php\/wp-json\/wp\/v2\/comments?post=20211"}],"version-history":[{"count":1,"href":"https:\/\/www.apolinav.cl\/index.php\/wp-json\/wp\/v2\/posts\/20211\/revisions"}],"predecessor-version":[{"id":20218,"href":"https:\/\/www.apolinav.cl\/index.php\/wp-json\/wp\/v2\/posts\/20211\/revisions\/20218"}],"wp:featuredmedia":[{"embeddable":true,"href":"https:\/\/www.apolinav.cl\/index.php\/wp-json\/wp\/v2\/media\/20212"}],"wp:attachment":[{"href":"https:\/\/www.apolinav.cl\/index.php\/wp-json\/wp\/v2\/media?parent=20211"}],"wp:term":[{"taxonomy":"category","embeddable":true,"href":"https:\/\/www.apolinav.cl\/index.php\/wp-json\/wp\/v2\/categories?post=20211"},{"taxonomy":"post_tag","embeddable":true,"href":"https:\/\/www.apolinav.cl\/index.php\/wp-json\/wp\/v2\/tags?post=20211"}],"curies":[{"name":"wp","href":"https:\/\/api.w.org\/{rel}","templated":true}]}}