{"id":19975,"date":"2022-07-19T16:35:55","date_gmt":"2022-07-19T20:35:55","guid":{"rendered":"https:\/\/www.apolinav.cl\/?p=19975"},"modified":"2022-07-26T16:38:04","modified_gmt":"2022-07-26T20:38:04","slug":"inicio-del-ciclo-de-conferencias-innovapolinav","status":"publish","type":"post","link":"https:\/\/www.apolinav.cl\/index.php\/inicio-del-ciclo-de-conferencias-innovapolinav\/","title":{"rendered":"INICIO DEL CICLO DE CONFERENCIAS INNOVAPOLINAV."},"content":{"rendered":"<p>Vi\u00f1a del Mar. El pasado martes 19 de julio, a las 14:30 horas, en la Academia Polit\u00e9cnica Naval, se dio inicio al \u201cCiclo de Conferencias Innovapolinav 2022\u201d, con una alta participaci\u00f3n del alumnado de la Academia y personal de las reparticiones de la zona. Con el tema \u201cInnovaci\u00f3n Tecnol\u00f3gica en Defensa: algunas lecciones aprendidas\u201d, el Capit\u00e1n de Nav\u00edo Francisco Mackay, Subdirector de la Direcci\u00f3n de Programas, Investigaci\u00f3n y Desarrollo de la Armada de Chile y Miembro del Consejo Directivo en la Comisi\u00f3n Chilena de Energ\u00eda Nuclear, se present\u00f3 en la Academia Polit\u00e9cnica Naval, impartiendo la primera conferencia, de un total de tres, previas al Encuentro de Innovaci\u00f3n P\u00fablica 2022.<\/p>\n<p>Dicha charla, se centr\u00f3 en las experiencias de la Instituci\u00f3n en materias de Investigaci\u00f3n, Desarrollo e Innovaci\u00f3n (I+D+i), las actividades en progreso y los pr\u00f3ximos desaf\u00edos que deber\u00e1 enfrentar la Armada en relaci\u00f3n al uso de tecnolog\u00eda nacional para impulsar el desarrollo de la defensa; y cont\u00f3 con la participaci\u00f3n de Oficiales y Gente de Mar pertenecientes a diferentes UU.RR. de la Primera Zona Naval, adem\u00e1s de la presencia del Director de la Academia, Capit\u00e1n de Nav\u00edo Fabi\u00e1n Gonz\u00e1lez y alumnos de la A.P.N.<\/p>\n<p>El Ciclo de Conferencias Innovapolinav, es una iniciativa del Departamento de Investigaci\u00f3n, Desarrollo e Innovaci\u00f3n de la Academia, que tiene como objetivo motivar la participaci\u00f3n y dar a conocer las actividades que desarrolla la Academia Polit\u00e9cnica Naval en materias de innovaci\u00f3n. Todo esto, previo al Encuentro de Innovaci\u00f3n P\u00fablica 2022, a realizarse los d\u00edas 13 y 14 de octubre.<\/p>\n<p>&nbsp;<\/p>\n\n\t\t<style type=\"text\/css\">\n\t\t\t#gallery-1 {\n\t\t\t\tmargin: auto;\n\t\t\t}\n\t\t\t#gallery-1 .gallery-item {\n\t\t\t\tfloat: left;\n\t\t\t\tmargin-top: 10px;\n\t\t\t\ttext-align: center;\n\t\t\t\twidth: 33%;\n\t\t\t}\n\t\t\t#gallery-1 img {\n\t\t\t\tborder: 2px solid #cfcfcf;\n\t\t\t}\n\t\t\t#gallery-1 .gallery-caption {\n\t\t\t\tmargin-left: 0;\n\t\t\t}\n\t\t\t\/* see gallery_shortcode() in wp-includes\/media.php *\/\n\t\t<\/style>\n\t\t<div id='gallery-1' class='gallery galleryid-19975 gallery-columns-3 gallery-size-medium'><dl class='gallery-item'>\n\t\t\t<dt class='gallery-icon landscape'>\n\t\t\t\t<a href='https:\/\/www.apolinav.cl\/wp-content\/uploads\/2022\/07\/001-8.jpg'><img loading=\"lazy\" decoding=\"async\" width=\"300\" height=\"300\" src=\"https:\/\/www.apolinav.cl\/wp-content\/uploads\/2022\/07\/001-8-300x300.jpg\" class=\"attachment-medium size-medium\" alt=\"\" srcset=\"https:\/\/www.apolinav.cl\/wp-content\/uploads\/2022\/07\/001-8-300x300.jpg 300w, https:\/\/www.apolinav.cl\/wp-content\/uploads\/2022\/07\/001-8-1024x1024.jpg 1024w, https:\/\/www.apolinav.cl\/wp-content\/uploads\/2022\/07\/001-8-150x150.jpg 150w, https:\/\/www.apolinav.cl\/wp-content\/uploads\/2022\/07\/001-8-1536x1536.jpg 1536w, https:\/\/www.apolinav.cl\/wp-content\/uploads\/2022\/07\/001-8-2048x2048.jpg 2048w\" sizes=\"auto, (max-width: 300px) 100vw, 300px\" \/><\/a>\n\t\t\t<\/dt><\/dl><dl class='gallery-item'>\n\t\t\t<dt class='gallery-icon landscape'>\n\t\t\t\t<a href='https:\/\/www.apolinav.cl\/wp-content\/uploads\/2022\/07\/002-7.jpg'><img loading=\"lazy\" decoding=\"async\" width=\"300\" height=\"300\" src=\"https:\/\/www.apolinav.cl\/wp-content\/uploads\/2022\/07\/002-7-300x300.jpg\" class=\"attachment-medium size-medium\" alt=\"\" srcset=\"https:\/\/www.apolinav.cl\/wp-content\/uploads\/2022\/07\/002-7-300x300.jpg 300w, https:\/\/www.apolinav.cl\/wp-content\/uploads\/2022\/07\/002-7-1024x1024.jpg 1024w, https:\/\/www.apolinav.cl\/wp-content\/uploads\/2022\/07\/002-7-150x150.jpg 150w, https:\/\/www.apolinav.cl\/wp-content\/uploads\/2022\/07\/002-7-1536x1536.jpg 1536w, https:\/\/www.apolinav.cl\/wp-content\/uploads\/2022\/07\/002-7-2048x2048.jpg 2048w\" sizes=\"auto, (max-width: 300px) 100vw, 300px\" \/><\/a>\n\t\t\t<\/dt><\/dl><dl class='gallery-item'>\n\t\t\t<dt class='gallery-icon landscape'>\n\t\t\t\t<a href='https:\/\/www.apolinav.cl\/wp-content\/uploads\/2022\/07\/003-8.jpg'><img loading=\"lazy\" decoding=\"async\" width=\"300\" height=\"300\" src=\"https:\/\/www.apolinav.cl\/wp-content\/uploads\/2022\/07\/003-8-300x300.jpg\" class=\"attachment-medium size-medium\" alt=\"\" srcset=\"https:\/\/www.apolinav.cl\/wp-content\/uploads\/2022\/07\/003-8-300x300.jpg 300w, https:\/\/www.apolinav.cl\/wp-content\/uploads\/2022\/07\/003-8-1024x1024.jpg 1024w, https:\/\/www.apolinav.cl\/wp-content\/uploads\/2022\/07\/003-8-150x150.jpg 150w, https:\/\/www.apolinav.cl\/wp-content\/uploads\/2022\/07\/003-8-1536x1536.jpg 1536w, https:\/\/www.apolinav.cl\/wp-content\/uploads\/2022\/07\/003-8-2048x2048.jpg 2048w\" sizes=\"auto, (max-width: 300px) 100vw, 300px\" \/><\/a>\n\t\t\t<\/dt><\/dl><br style=\"clear: both\" \/>\n\t\t<\/div>\n\n","protected":false},"excerpt":{"rendered":"<p>Vi\u00f1a del Mar. El pasado martes 19 de julio, a las 14:30 horas, en la Academia Polit\u00e9cnica Naval, se dio inicio al \u201cCiclo de Conferencias Innovapolinav 2022\u201d, con una alta participaci\u00f3n del alumnado de la Academia y personal de las reparticiones de la zona. Con el tema \u201cInnovaci\u00f3n Tecnol\u00f3gica en Defensa: algunas lecciones aprendidas\u201d, el [&hellip;]<\/p>\n","protected":false},"author":3,"featured_media":19976,"comment_status":"open","ping_status":"open","sticky":false,"template":"","format":"standard","meta":{"footnotes":""},"categories":[39],"tags":[],"class_list":["post-19975","post","type-post","status-publish","format-standard","has-post-thumbnail","hentry","category-noticias"],"_links":{"self":[{"href":"https:\/\/www.apolinav.cl\/index.php\/wp-json\/wp\/v2\/posts\/19975","targetHints":{"allow":["GET"]}}],"collection":[{"href":"https:\/\/www.apolinav.cl\/index.php\/wp-json\/wp\/v2\/posts"}],"about":[{"href":"https:\/\/www.apolinav.cl\/index.php\/wp-json\/wp\/v2\/types\/post"}],"author":[{"embeddable":true,"href":"https:\/\/www.apolinav.cl\/index.php\/wp-json\/wp\/v2\/users\/3"}],"replies":[{"embeddable":true,"href":"https:\/\/www.apolinav.cl\/index.php\/wp-json\/wp\/v2\/comments?post=19975"}],"version-history":[{"count":1,"href":"https:\/\/www.apolinav.cl\/index.php\/wp-json\/wp\/v2\/posts\/19975\/revisions"}],"predecessor-version":[{"id":19979,"href":"https:\/\/www.apolinav.cl\/index.php\/wp-json\/wp\/v2\/posts\/19975\/revisions\/19979"}],"wp:featuredmedia":[{"embeddable":true,"href":"https:\/\/www.apolinav.cl\/index.php\/wp-json\/wp\/v2\/media\/19976"}],"wp:attachment":[{"href":"https:\/\/www.apolinav.cl\/index.php\/wp-json\/wp\/v2\/media?parent=19975"}],"wp:term":[{"taxonomy":"category","embeddable":true,"href":"https:\/\/www.apolinav.cl\/index.php\/wp-json\/wp\/v2\/categories?post=19975"},{"taxonomy":"post_tag","embeddable":true,"href":"https:\/\/www.apolinav.cl\/index.php\/wp-json\/wp\/v2\/tags?post=19975"}],"curies":[{"name":"wp","href":"https:\/\/api.w.org\/{rel}","templated":true}]}}