{"id":19835,"date":"2022-07-08T13:55:10","date_gmt":"2022-07-08T17:55:10","guid":{"rendered":"https:\/\/www.apolinav.cl\/?p=19835"},"modified":"2022-07-11T14:09:33","modified_gmt":"2022-07-11T18:09:33","slug":"director-general-del-personal-inauguro-las-obras-de-mantencion-del-edificio-de-capacitacion-por-competencias-de-la-a-p-n","status":"publish","type":"post","link":"https:\/\/www.apolinav.cl\/index.php\/director-general-del-personal-inauguro-las-obras-de-mantencion-del-edificio-de-capacitacion-por-competencias-de-la-a-p-n\/","title":{"rendered":"DIRECTOR GENERAL DEL PERSONAL INAUGUR\u00d3 LAS OBRAS DE MANTENCI\u00d3N DEL EDIFICIO DE CAPACITACI\u00d3N POR COMPETENCIAS DE LA A.P.N."},"content":{"rendered":"<p>Vi\u00f1a del Mar. Hasta el edificio de la ex Direcci\u00f3n de Educaci\u00f3n de la Armada, lleg\u00f3 el Director General del Personal de la Armada, Vicealmirante Ramiro Navajas, junto al Director de Educaci\u00f3n de la Armada, Contraalmirante Sebasti\u00e1n Guti\u00e9rrez para inaugurar las obras de remodelaci\u00f3n y mantenimiento de las instalaciones del Centro de Capacitaci\u00f3n por Competencias, que se encuentra en el segundo piso de ese edificio, el que tambi\u00e9n alberga al Centro de Educaci\u00f3n a Distancia.<\/p>\n<p>La actividad se inici\u00f3 con el tradicional corte de cinta por parte del Director General del Personal, tras lo cual realiz\u00f3 un recorrido por las instalaciones, en el que fue guiado por el Director de la Academia Polit\u00e9cnica Naval, Capit\u00e1n de Nav\u00edo Fabi\u00e1n Gonz\u00e1lez, en compa\u00f1\u00eda de su Subdirector Acad\u00e9mico, Capit\u00e1n de Nav\u00edo Francisco Romero, y del Jefe del Departamento de Extensi\u00f3n del plantel y Jefe del Proyecto de remodelaci\u00f3n, Capit\u00e1n de Fragata Sanidad Dental Ren\u00e9 Briones.<\/p>\n<p>Durante el recorrido el Vicealmirante Navajas pudo comprobar las mejoras en la infraestructura del edificio, las que se iniciaron durante el pasado mes de febrero, las que dar\u00e1n mayor bienestar a los alumnos de los cursos de Capacitaci\u00f3n Escuadra, que se realizan en estas dependencias.<\/p>\n<p>La jornada finaliz\u00f3 con unas palabras del Vicealmirante Navajas, quien agradeci\u00f3 y reconoci\u00f3 el trabajo realizado \u00edntegramente por integrantes de la dotaci\u00f3n y alumnos de la Academia Polit\u00e9cnica Naval, ya que en un breve per\u00edodo de tiempo y gracias al inter\u00e9s personal de cada uno, lograron realizar las mejoras.<\/p>\n\n\t\t<style type=\"text\/css\">\n\t\t\t#gallery-1 {\n\t\t\t\tmargin: auto;\n\t\t\t}\n\t\t\t#gallery-1 .gallery-item {\n\t\t\t\tfloat: left;\n\t\t\t\tmargin-top: 10px;\n\t\t\t\ttext-align: center;\n\t\t\t\twidth: 33%;\n\t\t\t}\n\t\t\t#gallery-1 img {\n\t\t\t\tborder: 2px solid #cfcfcf;\n\t\t\t}\n\t\t\t#gallery-1 .gallery-caption {\n\t\t\t\tmargin-left: 0;\n\t\t\t}\n\t\t\t\/* see gallery_shortcode() in wp-includes\/media.php *\/\n\t\t<\/style>\n\t\t<div id='gallery-1' class='gallery galleryid-19835 gallery-columns-3 gallery-size-medium'><dl class='gallery-item'>\n\t\t\t<dt class='gallery-icon landscape'>\n\t\t\t\t<a href='https:\/\/www.apolinav.cl\/wp-content\/uploads\/2022\/07\/001-4.jpg'><img loading=\"lazy\" decoding=\"async\" width=\"300\" height=\"300\" src=\"https:\/\/www.apolinav.cl\/wp-content\/uploads\/2022\/07\/001-4-300x300.jpg\" class=\"attachment-medium size-medium\" alt=\"\" srcset=\"https:\/\/www.apolinav.cl\/wp-content\/uploads\/2022\/07\/001-4-300x300.jpg 300w, https:\/\/www.apolinav.cl\/wp-content\/uploads\/2022\/07\/001-4-1024x1024.jpg 1024w, https:\/\/www.apolinav.cl\/wp-content\/uploads\/2022\/07\/001-4-150x150.jpg 150w, https:\/\/www.apolinav.cl\/wp-content\/uploads\/2022\/07\/001-4-1536x1536.jpg 1536w, https:\/\/www.apolinav.cl\/wp-content\/uploads\/2022\/07\/001-4-2048x2048.jpg 2048w\" sizes=\"auto, (max-width: 300px) 100vw, 300px\" \/><\/a>\n\t\t\t<\/dt><\/dl><dl class='gallery-item'>\n\t\t\t<dt class='gallery-icon landscape'>\n\t\t\t\t<a href='https:\/\/www.apolinav.cl\/wp-content\/uploads\/2022\/07\/002-4.jpg'><img loading=\"lazy\" decoding=\"async\" width=\"300\" height=\"300\" src=\"https:\/\/www.apolinav.cl\/wp-content\/uploads\/2022\/07\/002-4-300x300.jpg\" class=\"attachment-medium size-medium\" alt=\"\" srcset=\"https:\/\/www.apolinav.cl\/wp-content\/uploads\/2022\/07\/002-4-300x300.jpg 300w, https:\/\/www.apolinav.cl\/wp-content\/uploads\/2022\/07\/002-4-1024x1024.jpg 1024w, https:\/\/www.apolinav.cl\/wp-content\/uploads\/2022\/07\/002-4-150x150.jpg 150w, https:\/\/www.apolinav.cl\/wp-content\/uploads\/2022\/07\/002-4-1536x1536.jpg 1536w, https:\/\/www.apolinav.cl\/wp-content\/uploads\/2022\/07\/002-4-2048x2048.jpg 2048w\" sizes=\"auto, (max-width: 300px) 100vw, 300px\" \/><\/a>\n\t\t\t<\/dt><\/dl><dl class='gallery-item'>\n\t\t\t<dt class='gallery-icon landscape'>\n\t\t\t\t<a href='https:\/\/www.apolinav.cl\/wp-content\/uploads\/2022\/07\/003-4.jpg'><img loading=\"lazy\" decoding=\"async\" width=\"300\" height=\"300\" src=\"https:\/\/www.apolinav.cl\/wp-content\/uploads\/2022\/07\/003-4-300x300.jpg\" class=\"attachment-medium size-medium\" alt=\"\" srcset=\"https:\/\/www.apolinav.cl\/wp-content\/uploads\/2022\/07\/003-4-300x300.jpg 300w, https:\/\/www.apolinav.cl\/wp-content\/uploads\/2022\/07\/003-4-1024x1024.jpg 1024w, https:\/\/www.apolinav.cl\/wp-content\/uploads\/2022\/07\/003-4-150x150.jpg 150w, https:\/\/www.apolinav.cl\/wp-content\/uploads\/2022\/07\/003-4-1536x1536.jpg 1536w, https:\/\/www.apolinav.cl\/wp-content\/uploads\/2022\/07\/003-4-2048x2048.jpg 2048w\" sizes=\"auto, (max-width: 300px) 100vw, 300px\" \/><\/a>\n\t\t\t<\/dt><\/dl><br style=\"clear: both\" \/>\n\t\t<\/div>\n\n","protected":false},"excerpt":{"rendered":"<p>Vi\u00f1a del Mar. Hasta el edificio de la ex Direcci\u00f3n de Educaci\u00f3n de la Armada, lleg\u00f3 el Director General del Personal de la Armada, Vicealmirante Ramiro Navajas, junto al Director de Educaci\u00f3n de la Armada, Contraalmirante Sebasti\u00e1n Guti\u00e9rrez para inaugurar las obras de remodelaci\u00f3n y mantenimiento de las instalaciones del Centro de Capacitaci\u00f3n por Competencias, [&hellip;]<\/p>\n","protected":false},"author":3,"featured_media":19838,"comment_status":"open","ping_status":"open","sticky":false,"template":"","format":"standard","meta":{"footnotes":""},"categories":[39],"tags":[],"class_list":["post-19835","post","type-post","status-publish","format-standard","has-post-thumbnail","hentry","category-noticias"],"_links":{"self":[{"href":"https:\/\/www.apolinav.cl\/index.php\/wp-json\/wp\/v2\/posts\/19835","targetHints":{"allow":["GET"]}}],"collection":[{"href":"https:\/\/www.apolinav.cl\/index.php\/wp-json\/wp\/v2\/posts"}],"about":[{"href":"https:\/\/www.apolinav.cl\/index.php\/wp-json\/wp\/v2\/types\/post"}],"author":[{"embeddable":true,"href":"https:\/\/www.apolinav.cl\/index.php\/wp-json\/wp\/v2\/users\/3"}],"replies":[{"embeddable":true,"href":"https:\/\/www.apolinav.cl\/index.php\/wp-json\/wp\/v2\/comments?post=19835"}],"version-history":[{"count":2,"href":"https:\/\/www.apolinav.cl\/index.php\/wp-json\/wp\/v2\/posts\/19835\/revisions"}],"predecessor-version":[{"id":19840,"href":"https:\/\/www.apolinav.cl\/index.php\/wp-json\/wp\/v2\/posts\/19835\/revisions\/19840"}],"wp:featuredmedia":[{"embeddable":true,"href":"https:\/\/www.apolinav.cl\/index.php\/wp-json\/wp\/v2\/media\/19838"}],"wp:attachment":[{"href":"https:\/\/www.apolinav.cl\/index.php\/wp-json\/wp\/v2\/media?parent=19835"}],"wp:term":[{"taxonomy":"category","embeddable":true,"href":"https:\/\/www.apolinav.cl\/index.php\/wp-json\/wp\/v2\/categories?post=19835"},{"taxonomy":"post_tag","embeddable":true,"href":"https:\/\/www.apolinav.cl\/index.php\/wp-json\/wp\/v2\/tags?post=19835"}],"curies":[{"name":"wp","href":"https:\/\/api.w.org\/{rel}","templated":true}]}}