{"id":19075,"date":"2022-05-15T11:39:17","date_gmt":"2022-05-15T15:39:17","guid":{"rendered":"https:\/\/www.apolinav.cl\/?p=19075"},"modified":"2022-05-16T11:45:52","modified_gmt":"2022-05-16T15:45:52","slug":"academia-politecnica-naval-participo-en-preparatoria-a-los-heroes-de-iquique-2","status":"publish","type":"post","link":"https:\/\/www.apolinav.cl\/index.php\/academia-politecnica-naval-participo-en-preparatoria-a-los-heroes-de-iquique-2\/","title":{"rendered":"ACADEMIA POLIT\u00c9CNICA NAVAL PARTICIP\u00d3 EN PREPARATORIA A LOS \u201cH\u00c9ROES DE IQUIQUE\u201d."},"content":{"rendered":"<p>Este domingo 15 de mayo, el Regimiento de Presentaci\u00f3n de la Academia Polit\u00e9cnica Naval particip\u00f3 en la Revista Preparatoria de la conmemoraci\u00f3n del 143\u00b0 aniversario del Combate Naval de Iquique y Punta Gruesa, frente al Monumento a los \u201cH\u00e9roes de Iquique\u201c en Valpara\u00edso, presidida por el Comandante en Jefe de la Primera Zona Naval, Contraalmirante Fernando Cabrera.<\/p>\n<p>El Regimiento de presentaci\u00f3n de la Academia Polit\u00e9cnica Naval fue encabezado por su Director, Capit\u00e1n de Nav\u00edo Fabi\u00e1n Gonz\u00e1lez y su Plana Mayor, conformado por la Banda de Guerra e Instrumental, Estandartes, Compa\u00f1\u00edas de Mariner\u00eda, una de Infantes de Marina y el Curso de Guardiamarinas Promoci\u00f3n 2022.<\/p>\n<p>&nbsp;<\/p>\n\n\t\t<style type=\"text\/css\">\n\t\t\t#gallery-1 {\n\t\t\t\tmargin: auto;\n\t\t\t}\n\t\t\t#gallery-1 .gallery-item {\n\t\t\t\tfloat: left;\n\t\t\t\tmargin-top: 10px;\n\t\t\t\ttext-align: center;\n\t\t\t\twidth: 33%;\n\t\t\t}\n\t\t\t#gallery-1 img {\n\t\t\t\tborder: 2px solid #cfcfcf;\n\t\t\t}\n\t\t\t#gallery-1 .gallery-caption {\n\t\t\t\tmargin-left: 0;\n\t\t\t}\n\t\t\t\/* see gallery_shortcode() in wp-includes\/media.php *\/\n\t\t<\/style>\n\t\t<div id='gallery-1' class='gallery galleryid-19075 gallery-columns-3 gallery-size-medium'><dl class='gallery-item'>\n\t\t\t<dt class='gallery-icon landscape'>\n\t\t\t\t<a href='https:\/\/www.apolinav.cl\/wp-content\/uploads\/2022\/05\/001-7.jpg'><img loading=\"lazy\" decoding=\"async\" width=\"300\" height=\"300\" src=\"https:\/\/www.apolinav.cl\/wp-content\/uploads\/2022\/05\/001-7-300x300.jpg\" class=\"attachment-medium size-medium\" alt=\"\" srcset=\"https:\/\/www.apolinav.cl\/wp-content\/uploads\/2022\/05\/001-7-300x300.jpg 300w, https:\/\/www.apolinav.cl\/wp-content\/uploads\/2022\/05\/001-7-1024x1024.jpg 1024w, https:\/\/www.apolinav.cl\/wp-content\/uploads\/2022\/05\/001-7-150x150.jpg 150w, https:\/\/www.apolinav.cl\/wp-content\/uploads\/2022\/05\/001-7-1536x1536.jpg 1536w, https:\/\/www.apolinav.cl\/wp-content\/uploads\/2022\/05\/001-7-2048x2048.jpg 2048w\" sizes=\"auto, (max-width: 300px) 100vw, 300px\" \/><\/a>\n\t\t\t<\/dt><\/dl><dl class='gallery-item'>\n\t\t\t<dt class='gallery-icon landscape'>\n\t\t\t\t<a href='https:\/\/www.apolinav.cl\/wp-content\/uploads\/2022\/05\/002-6.jpg'><img loading=\"lazy\" decoding=\"async\" width=\"300\" height=\"300\" src=\"https:\/\/www.apolinav.cl\/wp-content\/uploads\/2022\/05\/002-6-300x300.jpg\" class=\"attachment-medium size-medium\" alt=\"\" srcset=\"https:\/\/www.apolinav.cl\/wp-content\/uploads\/2022\/05\/002-6-300x300.jpg 300w, https:\/\/www.apolinav.cl\/wp-content\/uploads\/2022\/05\/002-6-1024x1024.jpg 1024w, https:\/\/www.apolinav.cl\/wp-content\/uploads\/2022\/05\/002-6-150x150.jpg 150w, https:\/\/www.apolinav.cl\/wp-content\/uploads\/2022\/05\/002-6-1536x1536.jpg 1536w, https:\/\/www.apolinav.cl\/wp-content\/uploads\/2022\/05\/002-6-2048x2048.jpg 2048w\" sizes=\"auto, (max-width: 300px) 100vw, 300px\" \/><\/a>\n\t\t\t<\/dt><\/dl><dl class='gallery-item'>\n\t\t\t<dt class='gallery-icon landscape'>\n\t\t\t\t<a href='https:\/\/www.apolinav.cl\/wp-content\/uploads\/2022\/05\/003-7.jpg'><img loading=\"lazy\" decoding=\"async\" width=\"300\" height=\"300\" src=\"https:\/\/www.apolinav.cl\/wp-content\/uploads\/2022\/05\/003-7-300x300.jpg\" class=\"attachment-medium size-medium\" alt=\"\" srcset=\"https:\/\/www.apolinav.cl\/wp-content\/uploads\/2022\/05\/003-7-300x300.jpg 300w, https:\/\/www.apolinav.cl\/wp-content\/uploads\/2022\/05\/003-7-1024x1024.jpg 1024w, https:\/\/www.apolinav.cl\/wp-content\/uploads\/2022\/05\/003-7-150x150.jpg 150w, https:\/\/www.apolinav.cl\/wp-content\/uploads\/2022\/05\/003-7-1536x1536.jpg 1536w, https:\/\/www.apolinav.cl\/wp-content\/uploads\/2022\/05\/003-7-2048x2048.jpg 2048w\" sizes=\"auto, (max-width: 300px) 100vw, 300px\" \/><\/a>\n\t\t\t<\/dt><\/dl><br style=\"clear: both\" \/><dl class='gallery-item'>\n\t\t\t<dt class='gallery-icon landscape'>\n\t\t\t\t<a href='https:\/\/www.apolinav.cl\/wp-content\/uploads\/2022\/05\/004-6.jpg'><img loading=\"lazy\" decoding=\"async\" width=\"300\" height=\"300\" src=\"https:\/\/www.apolinav.cl\/wp-content\/uploads\/2022\/05\/004-6-300x300.jpg\" class=\"attachment-medium size-medium\" alt=\"\" srcset=\"https:\/\/www.apolinav.cl\/wp-content\/uploads\/2022\/05\/004-6-300x300.jpg 300w, https:\/\/www.apolinav.cl\/wp-content\/uploads\/2022\/05\/004-6-1024x1024.jpg 1024w, https:\/\/www.apolinav.cl\/wp-content\/uploads\/2022\/05\/004-6-150x150.jpg 150w, https:\/\/www.apolinav.cl\/wp-content\/uploads\/2022\/05\/004-6-1536x1536.jpg 1536w, https:\/\/www.apolinav.cl\/wp-content\/uploads\/2022\/05\/004-6-2048x2048.jpg 2048w\" sizes=\"auto, (max-width: 300px) 100vw, 300px\" \/><\/a>\n\t\t\t<\/dt><\/dl><dl class='gallery-item'>\n\t\t\t<dt class='gallery-icon landscape'>\n\t\t\t\t<a href='https:\/\/www.apolinav.cl\/wp-content\/uploads\/2022\/05\/006-5.jpg'><img loading=\"lazy\" decoding=\"async\" width=\"300\" height=\"300\" src=\"https:\/\/www.apolinav.cl\/wp-content\/uploads\/2022\/05\/006-5-300x300.jpg\" class=\"attachment-medium size-medium\" alt=\"\" srcset=\"https:\/\/www.apolinav.cl\/wp-content\/uploads\/2022\/05\/006-5-300x300.jpg 300w, https:\/\/www.apolinav.cl\/wp-content\/uploads\/2022\/05\/006-5-1024x1024.jpg 1024w, https:\/\/www.apolinav.cl\/wp-content\/uploads\/2022\/05\/006-5-150x150.jpg 150w, https:\/\/www.apolinav.cl\/wp-content\/uploads\/2022\/05\/006-5-1536x1536.jpg 1536w, https:\/\/www.apolinav.cl\/wp-content\/uploads\/2022\/05\/006-5-2048x2048.jpg 2048w\" sizes=\"auto, (max-width: 300px) 100vw, 300px\" \/><\/a>\n\t\t\t<\/dt><\/dl><dl class='gallery-item'>\n\t\t\t<dt class='gallery-icon landscape'>\n\t\t\t\t<a href='https:\/\/www.apolinav.cl\/wp-content\/uploads\/2022\/05\/007-3.jpg'><img loading=\"lazy\" decoding=\"async\" width=\"300\" height=\"300\" src=\"https:\/\/www.apolinav.cl\/wp-content\/uploads\/2022\/05\/007-3-300x300.jpg\" class=\"attachment-medium size-medium\" alt=\"\" srcset=\"https:\/\/www.apolinav.cl\/wp-content\/uploads\/2022\/05\/007-3-300x300.jpg 300w, https:\/\/www.apolinav.cl\/wp-content\/uploads\/2022\/05\/007-3-1024x1024.jpg 1024w, https:\/\/www.apolinav.cl\/wp-content\/uploads\/2022\/05\/007-3-150x150.jpg 150w, https:\/\/www.apolinav.cl\/wp-content\/uploads\/2022\/05\/007-3-1536x1536.jpg 1536w, https:\/\/www.apolinav.cl\/wp-content\/uploads\/2022\/05\/007-3-2048x2048.jpg 2048w\" sizes=\"auto, (max-width: 300px) 100vw, 300px\" \/><\/a>\n\t\t\t<\/dt><\/dl><br style=\"clear: both\" \/><dl class='gallery-item'>\n\t\t\t<dt class='gallery-icon landscape'>\n\t\t\t\t<a href='https:\/\/www.apolinav.cl\/wp-content\/uploads\/2022\/05\/008-2.jpg'><img loading=\"lazy\" decoding=\"async\" width=\"300\" height=\"300\" src=\"https:\/\/www.apolinav.cl\/wp-content\/uploads\/2022\/05\/008-2-300x300.jpg\" class=\"attachment-medium size-medium\" alt=\"\" srcset=\"https:\/\/www.apolinav.cl\/wp-content\/uploads\/2022\/05\/008-2-300x300.jpg 300w, https:\/\/www.apolinav.cl\/wp-content\/uploads\/2022\/05\/008-2-1024x1024.jpg 1024w, https:\/\/www.apolinav.cl\/wp-content\/uploads\/2022\/05\/008-2-150x150.jpg 150w, https:\/\/www.apolinav.cl\/wp-content\/uploads\/2022\/05\/008-2-1536x1536.jpg 1536w, https:\/\/www.apolinav.cl\/wp-content\/uploads\/2022\/05\/008-2-2048x2048.jpg 2048w\" sizes=\"auto, (max-width: 300px) 100vw, 300px\" \/><\/a>\n\t\t\t<\/dt><\/dl><dl class='gallery-item'>\n\t\t\t<dt class='gallery-icon landscape'>\n\t\t\t\t<a href='https:\/\/www.apolinav.cl\/wp-content\/uploads\/2022\/05\/009-1.jpg'><img loading=\"lazy\" decoding=\"async\" width=\"300\" height=\"300\" src=\"https:\/\/www.apolinav.cl\/wp-content\/uploads\/2022\/05\/009-1-300x300.jpg\" class=\"attachment-medium size-medium\" alt=\"\" srcset=\"https:\/\/www.apolinav.cl\/wp-content\/uploads\/2022\/05\/009-1-300x300.jpg 300w, https:\/\/www.apolinav.cl\/wp-content\/uploads\/2022\/05\/009-1-1024x1024.jpg 1024w, https:\/\/www.apolinav.cl\/wp-content\/uploads\/2022\/05\/009-1-150x150.jpg 150w, https:\/\/www.apolinav.cl\/wp-content\/uploads\/2022\/05\/009-1-1536x1536.jpg 1536w, https:\/\/www.apolinav.cl\/wp-content\/uploads\/2022\/05\/009-1-2048x2048.jpg 2048w\" sizes=\"auto, (max-width: 300px) 100vw, 300px\" \/><\/a>\n\t\t\t<\/dt><\/dl>\n\t\t\t<br style='clear: both' \/>\n\t\t<\/div>\n\n<p>&nbsp;<\/p>\n","protected":false},"excerpt":{"rendered":"<p>Este domingo 15 de mayo, el Regimiento de Presentaci\u00f3n de la Academia Polit\u00e9cnica Naval particip\u00f3 en la Revista Preparatoria de la conmemoraci\u00f3n del 143\u00b0 aniversario del Combate Naval de Iquique y Punta Gruesa, frente al Monumento a los \u201cH\u00e9roes de Iquique\u201c en Valpara\u00edso, presidida por el Comandante en Jefe de la Primera Zona Naval, Contraalmirante [&hellip;]<\/p>\n","protected":false},"author":3,"featured_media":19084,"comment_status":"open","ping_status":"open","sticky":false,"template":"","format":"standard","meta":{"footnotes":""},"categories":[39],"tags":[],"class_list":["post-19075","post","type-post","status-publish","format-standard","has-post-thumbnail","hentry","category-noticias"],"_links":{"self":[{"href":"https:\/\/www.apolinav.cl\/index.php\/wp-json\/wp\/v2\/posts\/19075","targetHints":{"allow":["GET"]}}],"collection":[{"href":"https:\/\/www.apolinav.cl\/index.php\/wp-json\/wp\/v2\/posts"}],"about":[{"href":"https:\/\/www.apolinav.cl\/index.php\/wp-json\/wp\/v2\/types\/post"}],"author":[{"embeddable":true,"href":"https:\/\/www.apolinav.cl\/index.php\/wp-json\/wp\/v2\/users\/3"}],"replies":[{"embeddable":true,"href":"https:\/\/www.apolinav.cl\/index.php\/wp-json\/wp\/v2\/comments?post=19075"}],"version-history":[{"count":1,"href":"https:\/\/www.apolinav.cl\/index.php\/wp-json\/wp\/v2\/posts\/19075\/revisions"}],"predecessor-version":[{"id":19092,"href":"https:\/\/www.apolinav.cl\/index.php\/wp-json\/wp\/v2\/posts\/19075\/revisions\/19092"}],"wp:featuredmedia":[{"embeddable":true,"href":"https:\/\/www.apolinav.cl\/index.php\/wp-json\/wp\/v2\/media\/19084"}],"wp:attachment":[{"href":"https:\/\/www.apolinav.cl\/index.php\/wp-json\/wp\/v2\/media?parent=19075"}],"wp:term":[{"taxonomy":"category","embeddable":true,"href":"https:\/\/www.apolinav.cl\/index.php\/wp-json\/wp\/v2\/categories?post=19075"},{"taxonomy":"post_tag","embeddable":true,"href":"https:\/\/www.apolinav.cl\/index.php\/wp-json\/wp\/v2\/tags?post=19075"}],"curies":[{"name":"wp","href":"https:\/\/api.w.org\/{rel}","templated":true}]}}