{"id":19067,"date":"2022-05-12T11:34:57","date_gmt":"2022-05-12T15:34:57","guid":{"rendered":"https:\/\/www.apolinav.cl\/?p=19067"},"modified":"2022-05-16T11:38:01","modified_gmt":"2022-05-16T15:38:01","slug":"academia-politecnica-naval-realizo-preparatoria-nocturna-para-el-desfile-del-21-de-mayo","status":"publish","type":"post","link":"https:\/\/www.apolinav.cl\/index.php\/academia-politecnica-naval-realizo-preparatoria-nocturna-para-el-desfile-del-21-de-mayo\/","title":{"rendered":"ACADEMIA POLIT\u00c9CNICA NAVAL REALIZ\u00d3 PREPARATORIA NOCTURNA PARA EL DESFILE DEL 21 DE MAYO."},"content":{"rendered":"<p>Valpara\u00edso. Este jueves 12 de mayo, con motivo de las actividades previas a la conmemoraci\u00f3n del 143\u00b0 Aniversario del Combate Naval de Iquique y Punta Gruesa, el Regimiento de Presentaci\u00f3n de la Academia Polit\u00e9cnica Naval, encabezado por su Director, Capit\u00e1n de Nav\u00edo Fabi\u00e1n Gonz\u00e1lez, se desplaz\u00f3 hasta la Plaza Sotomayor para participar de la pr\u00e1ctica nocturna de la ceremonia del 21 de mayo.<\/p>\n<p>La preparatoria se efectu\u00f3 a contar de las 19:30 horas, donde los representantes de las Fuerzas Armadas y de Orden desfilaron frente al Monumento y Cripta del Comandante Prat y los H\u00e9roes de Iquique, siendo acompa\u00f1ados por entusiastas transe\u00fantes.<\/p>\n\n\t\t<style type=\"text\/css\">\n\t\t\t#gallery-1 {\n\t\t\t\tmargin: auto;\n\t\t\t}\n\t\t\t#gallery-1 .gallery-item {\n\t\t\t\tfloat: left;\n\t\t\t\tmargin-top: 10px;\n\t\t\t\ttext-align: center;\n\t\t\t\twidth: 33%;\n\t\t\t}\n\t\t\t#gallery-1 img {\n\t\t\t\tborder: 2px solid #cfcfcf;\n\t\t\t}\n\t\t\t#gallery-1 .gallery-caption {\n\t\t\t\tmargin-left: 0;\n\t\t\t}\n\t\t\t\/* see gallery_shortcode() in wp-includes\/media.php *\/\n\t\t<\/style>\n\t\t<div id='gallery-1' class='gallery galleryid-19067 gallery-columns-3 gallery-size-medium'><dl class='gallery-item'>\n\t\t\t<dt class='gallery-icon landscape'>\n\t\t\t\t<a href='https:\/\/www.apolinav.cl\/wp-content\/uploads\/2022\/05\/001-6.jpg'><img loading=\"lazy\" decoding=\"async\" width=\"300\" height=\"300\" src=\"https:\/\/www.apolinav.cl\/wp-content\/uploads\/2022\/05\/001-6-300x300.jpg\" class=\"attachment-medium size-medium\" alt=\"\" srcset=\"https:\/\/www.apolinav.cl\/wp-content\/uploads\/2022\/05\/001-6-300x300.jpg 300w, https:\/\/www.apolinav.cl\/wp-content\/uploads\/2022\/05\/001-6-1024x1024.jpg 1024w, https:\/\/www.apolinav.cl\/wp-content\/uploads\/2022\/05\/001-6-150x150.jpg 150w, https:\/\/www.apolinav.cl\/wp-content\/uploads\/2022\/05\/001-6-1536x1536.jpg 1536w, https:\/\/www.apolinav.cl\/wp-content\/uploads\/2022\/05\/001-6-2048x2048.jpg 2048w\" sizes=\"auto, (max-width: 300px) 100vw, 300px\" \/><\/a>\n\t\t\t<\/dt><\/dl><dl class='gallery-item'>\n\t\t\t<dt class='gallery-icon landscape'>\n\t\t\t\t<a href='https:\/\/www.apolinav.cl\/wp-content\/uploads\/2022\/05\/002-5.jpg'><img loading=\"lazy\" decoding=\"async\" width=\"300\" height=\"300\" src=\"https:\/\/www.apolinav.cl\/wp-content\/uploads\/2022\/05\/002-5-300x300.jpg\" class=\"attachment-medium size-medium\" alt=\"\" srcset=\"https:\/\/www.apolinav.cl\/wp-content\/uploads\/2022\/05\/002-5-300x300.jpg 300w, https:\/\/www.apolinav.cl\/wp-content\/uploads\/2022\/05\/002-5-1024x1024.jpg 1024w, https:\/\/www.apolinav.cl\/wp-content\/uploads\/2022\/05\/002-5-150x150.jpg 150w, https:\/\/www.apolinav.cl\/wp-content\/uploads\/2022\/05\/002-5-1536x1536.jpg 1536w, https:\/\/www.apolinav.cl\/wp-content\/uploads\/2022\/05\/002-5-2048x2048.jpg 2048w\" sizes=\"auto, (max-width: 300px) 100vw, 300px\" \/><\/a>\n\t\t\t<\/dt><\/dl><dl class='gallery-item'>\n\t\t\t<dt class='gallery-icon landscape'>\n\t\t\t\t<a href='https:\/\/www.apolinav.cl\/wp-content\/uploads\/2022\/05\/003-6.jpg'><img loading=\"lazy\" decoding=\"async\" width=\"300\" height=\"300\" src=\"https:\/\/www.apolinav.cl\/wp-content\/uploads\/2022\/05\/003-6-300x300.jpg\" class=\"attachment-medium size-medium\" alt=\"\" srcset=\"https:\/\/www.apolinav.cl\/wp-content\/uploads\/2022\/05\/003-6-300x300.jpg 300w, https:\/\/www.apolinav.cl\/wp-content\/uploads\/2022\/05\/003-6-1024x1024.jpg 1024w, https:\/\/www.apolinav.cl\/wp-content\/uploads\/2022\/05\/003-6-150x150.jpg 150w, https:\/\/www.apolinav.cl\/wp-content\/uploads\/2022\/05\/003-6-1536x1536.jpg 1536w, https:\/\/www.apolinav.cl\/wp-content\/uploads\/2022\/05\/003-6-2048x2048.jpg 2048w\" sizes=\"auto, (max-width: 300px) 100vw, 300px\" \/><\/a>\n\t\t\t<\/dt><\/dl><br style=\"clear: both\" \/><dl class='gallery-item'>\n\t\t\t<dt class='gallery-icon landscape'>\n\t\t\t\t<a href='https:\/\/www.apolinav.cl\/wp-content\/uploads\/2022\/05\/004-5.jpg'><img loading=\"lazy\" decoding=\"async\" width=\"300\" height=\"300\" src=\"https:\/\/www.apolinav.cl\/wp-content\/uploads\/2022\/05\/004-5-300x300.jpg\" class=\"attachment-medium size-medium\" alt=\"\" srcset=\"https:\/\/www.apolinav.cl\/wp-content\/uploads\/2022\/05\/004-5-300x300.jpg 300w, https:\/\/www.apolinav.cl\/wp-content\/uploads\/2022\/05\/004-5-1024x1024.jpg 1024w, https:\/\/www.apolinav.cl\/wp-content\/uploads\/2022\/05\/004-5-150x150.jpg 150w, https:\/\/www.apolinav.cl\/wp-content\/uploads\/2022\/05\/004-5-1536x1536.jpg 1536w, https:\/\/www.apolinav.cl\/wp-content\/uploads\/2022\/05\/004-5-2048x2048.jpg 2048w\" sizes=\"auto, (max-width: 300px) 100vw, 300px\" \/><\/a>\n\t\t\t<\/dt><\/dl><dl class='gallery-item'>\n\t\t\t<dt class='gallery-icon landscape'>\n\t\t\t\t<a href='https:\/\/www.apolinav.cl\/wp-content\/uploads\/2022\/05\/005-4.jpg'><img loading=\"lazy\" decoding=\"async\" width=\"300\" height=\"300\" src=\"https:\/\/www.apolinav.cl\/wp-content\/uploads\/2022\/05\/005-4-300x300.jpg\" class=\"attachment-medium size-medium\" alt=\"\" srcset=\"https:\/\/www.apolinav.cl\/wp-content\/uploads\/2022\/05\/005-4-300x300.jpg 300w, https:\/\/www.apolinav.cl\/wp-content\/uploads\/2022\/05\/005-4-1024x1024.jpg 1024w, https:\/\/www.apolinav.cl\/wp-content\/uploads\/2022\/05\/005-4-150x150.jpg 150w, https:\/\/www.apolinav.cl\/wp-content\/uploads\/2022\/05\/005-4-1536x1536.jpg 1536w, https:\/\/www.apolinav.cl\/wp-content\/uploads\/2022\/05\/005-4-2048x2048.jpg 2048w\" sizes=\"auto, (max-width: 300px) 100vw, 300px\" \/><\/a>\n\t\t\t<\/dt><\/dl><dl class='gallery-item'>\n\t\t\t<dt class='gallery-icon landscape'>\n\t\t\t\t<a href='https:\/\/www.apolinav.cl\/wp-content\/uploads\/2022\/05\/006-4.jpg'><img loading=\"lazy\" decoding=\"async\" width=\"300\" height=\"300\" src=\"https:\/\/www.apolinav.cl\/wp-content\/uploads\/2022\/05\/006-4-300x300.jpg\" class=\"attachment-medium size-medium\" alt=\"\" srcset=\"https:\/\/www.apolinav.cl\/wp-content\/uploads\/2022\/05\/006-4-300x300.jpg 300w, https:\/\/www.apolinav.cl\/wp-content\/uploads\/2022\/05\/006-4-1024x1024.jpg 1024w, https:\/\/www.apolinav.cl\/wp-content\/uploads\/2022\/05\/006-4-150x150.jpg 150w, https:\/\/www.apolinav.cl\/wp-content\/uploads\/2022\/05\/006-4-1536x1536.jpg 1536w, https:\/\/www.apolinav.cl\/wp-content\/uploads\/2022\/05\/006-4-2048x2048.jpg 2048w\" sizes=\"auto, (max-width: 300px) 100vw, 300px\" \/><\/a>\n\t\t\t<\/dt><\/dl><br style=\"clear: both\" \/>\n\t\t<\/div>\n\n","protected":false},"excerpt":{"rendered":"<p>Valpara\u00edso. Este jueves 12 de mayo, con motivo de las actividades previas a la conmemoraci\u00f3n del 143\u00b0 Aniversario del Combate Naval de Iquique y Punta Gruesa, el Regimiento de Presentaci\u00f3n de la Academia Polit\u00e9cnica Naval, encabezado por su Director, Capit\u00e1n de Nav\u00edo Fabi\u00e1n Gonz\u00e1lez, se desplaz\u00f3 hasta la Plaza Sotomayor para participar de la pr\u00e1ctica [&hellip;]<\/p>\n","protected":false},"author":3,"featured_media":19068,"comment_status":"open","ping_status":"open","sticky":false,"template":"","format":"standard","meta":{"footnotes":""},"categories":[39],"tags":[],"class_list":["post-19067","post","type-post","status-publish","format-standard","has-post-thumbnail","hentry","category-noticias"],"_links":{"self":[{"href":"https:\/\/www.apolinav.cl\/index.php\/wp-json\/wp\/v2\/posts\/19067","targetHints":{"allow":["GET"]}}],"collection":[{"href":"https:\/\/www.apolinav.cl\/index.php\/wp-json\/wp\/v2\/posts"}],"about":[{"href":"https:\/\/www.apolinav.cl\/index.php\/wp-json\/wp\/v2\/types\/post"}],"author":[{"embeddable":true,"href":"https:\/\/www.apolinav.cl\/index.php\/wp-json\/wp\/v2\/users\/3"}],"replies":[{"embeddable":true,"href":"https:\/\/www.apolinav.cl\/index.php\/wp-json\/wp\/v2\/comments?post=19067"}],"version-history":[{"count":1,"href":"https:\/\/www.apolinav.cl\/index.php\/wp-json\/wp\/v2\/posts\/19067\/revisions"}],"predecessor-version":[{"id":19074,"href":"https:\/\/www.apolinav.cl\/index.php\/wp-json\/wp\/v2\/posts\/19067\/revisions\/19074"}],"wp:featuredmedia":[{"embeddable":true,"href":"https:\/\/www.apolinav.cl\/index.php\/wp-json\/wp\/v2\/media\/19068"}],"wp:attachment":[{"href":"https:\/\/www.apolinav.cl\/index.php\/wp-json\/wp\/v2\/media?parent=19067"}],"wp:term":[{"taxonomy":"category","embeddable":true,"href":"https:\/\/www.apolinav.cl\/index.php\/wp-json\/wp\/v2\/categories?post=19067"},{"taxonomy":"post_tag","embeddable":true,"href":"https:\/\/www.apolinav.cl\/index.php\/wp-json\/wp\/v2\/tags?post=19067"}],"curies":[{"name":"wp","href":"https:\/\/api.w.org\/{rel}","templated":true}]}}