{"id":18945,"date":"2022-05-04T17:11:04","date_gmt":"2022-05-04T21:11:04","guid":{"rendered":"https:\/\/www.apolinav.cl\/?p=18945"},"modified":"2022-05-05T17:13:18","modified_gmt":"2022-05-05T21:13:18","slug":"director-de-la-academia-politecnica-naval-participa-en-seminario-presencial-de-la-academia-politecnica-militar","status":"publish","type":"post","link":"https:\/\/www.apolinav.cl\/index.php\/director-de-la-academia-politecnica-naval-participa-en-seminario-presencial-de-la-academia-politecnica-militar\/","title":{"rendered":"DIRECTOR DE LA ACADEMIA POLIT\u00c9CNICA NAVAL PARTICIPA EN SEMINARIO PRESENCIAL DE LA ACADEMIA POLIT\u00c9CNICA MILITAR."},"content":{"rendered":"<p>Santiago. Este mi\u00e9rcoles 04 de mayo, el Director de la Academia Polit\u00e9cnica Naval, Capit\u00e1n de Nav\u00edo Fabi\u00e1n Gonz\u00e1lez, particip\u00f3 en el Seminario titulado \u201cLos efectos econ\u00f3micos y Log\u00edsticos de la guerra Rusia \u2013 Ucrania en Chile\u201d a ra\u00edz de una invitaci\u00f3n efectuada por la Academia Polit\u00e9cnica Militar, ACAPOMIL., como parte de la reactivaci\u00f3n de actividades presenciales, interinstitucionales, dada las actuales condiciones sanitarias del Covid19.<\/p>\n<p>Los Oficiales alumnos del \u00e1rea de Abastecimiento de la A.P.N., tambi\u00e9n participaron de dicho seminario en forma on-line, desde una de las salas hibridas de la Academia, permiti\u00e9ndoles conocer y entender en el contexto de las finanzas, la ejecuci\u00f3n de las tareas para brindar un soporte log\u00edstico y financiero eficiente, satisfaciendo las necesidades que se presentan producto de la guerra en la regi\u00f3n del conflicto y en el mundo entero.<\/p>\n<p>La Academia Polit\u00e9cnica Militar, en el marco de la educaci\u00f3n continua y la Vinculaci\u00f3n con el Medio, comenz\u00f3 el seminario con una bienvenida del Jefe del Departamento Gesti\u00f3n Acad\u00e9mica, Teniente Coronel Gonzalo Ram\u00edrez, quien explic\u00f3 el objetivo del seminario y present\u00f3 a quienes expusieron los principales aspectos asociados a los efectos macroecon\u00f3micos y log\u00edsticos en el pa\u00eds, realizados por los profesionales Jorge Herma y Alejandro Mac Cawley.<\/p>\n<p>&nbsp;<\/p>\n\n\t\t<style type=\"text\/css\">\n\t\t\t#gallery-1 {\n\t\t\t\tmargin: auto;\n\t\t\t}\n\t\t\t#gallery-1 .gallery-item {\n\t\t\t\tfloat: left;\n\t\t\t\tmargin-top: 10px;\n\t\t\t\ttext-align: center;\n\t\t\t\twidth: 33%;\n\t\t\t}\n\t\t\t#gallery-1 img {\n\t\t\t\tborder: 2px solid #cfcfcf;\n\t\t\t}\n\t\t\t#gallery-1 .gallery-caption {\n\t\t\t\tmargin-left: 0;\n\t\t\t}\n\t\t\t\/* see gallery_shortcode() in wp-includes\/media.php *\/\n\t\t<\/style>\n\t\t<div id='gallery-1' class='gallery galleryid-18945 gallery-columns-3 gallery-size-medium'><dl class='gallery-item'>\n\t\t\t<dt class='gallery-icon landscape'>\n\t\t\t\t<a href='https:\/\/www.apolinav.cl\/wp-content\/uploads\/2022\/05\/001-2.jpg'><img loading=\"lazy\" decoding=\"async\" width=\"300\" height=\"300\" src=\"https:\/\/www.apolinav.cl\/wp-content\/uploads\/2022\/05\/001-2-300x300.jpg\" class=\"attachment-medium size-medium\" alt=\"\" srcset=\"https:\/\/www.apolinav.cl\/wp-content\/uploads\/2022\/05\/001-2-300x300.jpg 300w, https:\/\/www.apolinav.cl\/wp-content\/uploads\/2022\/05\/001-2-1024x1024.jpg 1024w, https:\/\/www.apolinav.cl\/wp-content\/uploads\/2022\/05\/001-2-150x150.jpg 150w, https:\/\/www.apolinav.cl\/wp-content\/uploads\/2022\/05\/001-2-1536x1536.jpg 1536w, https:\/\/www.apolinav.cl\/wp-content\/uploads\/2022\/05\/001-2-2048x2048.jpg 2048w\" sizes=\"auto, (max-width: 300px) 100vw, 300px\" \/><\/a>\n\t\t\t<\/dt><\/dl><dl class='gallery-item'>\n\t\t\t<dt class='gallery-icon landscape'>\n\t\t\t\t<a href='https:\/\/www.apolinav.cl\/wp-content\/uploads\/2022\/05\/002-1.jpg'><img loading=\"lazy\" decoding=\"async\" width=\"300\" height=\"300\" src=\"https:\/\/www.apolinav.cl\/wp-content\/uploads\/2022\/05\/002-1-300x300.jpg\" class=\"attachment-medium size-medium\" alt=\"\" srcset=\"https:\/\/www.apolinav.cl\/wp-content\/uploads\/2022\/05\/002-1-300x300.jpg 300w, https:\/\/www.apolinav.cl\/wp-content\/uploads\/2022\/05\/002-1-1024x1024.jpg 1024w, https:\/\/www.apolinav.cl\/wp-content\/uploads\/2022\/05\/002-1-150x150.jpg 150w, https:\/\/www.apolinav.cl\/wp-content\/uploads\/2022\/05\/002-1-1536x1536.jpg 1536w, https:\/\/www.apolinav.cl\/wp-content\/uploads\/2022\/05\/002-1-2048x2048.jpg 2048w\" sizes=\"auto, (max-width: 300px) 100vw, 300px\" \/><\/a>\n\t\t\t<\/dt><\/dl><dl class='gallery-item'>\n\t\t\t<dt class='gallery-icon landscape'>\n\t\t\t\t<a href='https:\/\/www.apolinav.cl\/wp-content\/uploads\/2022\/05\/003-2.jpg'><img loading=\"lazy\" decoding=\"async\" width=\"300\" height=\"300\" src=\"https:\/\/www.apolinav.cl\/wp-content\/uploads\/2022\/05\/003-2-300x300.jpg\" class=\"attachment-medium size-medium\" alt=\"\" srcset=\"https:\/\/www.apolinav.cl\/wp-content\/uploads\/2022\/05\/003-2-300x300.jpg 300w, https:\/\/www.apolinav.cl\/wp-content\/uploads\/2022\/05\/003-2-1024x1024.jpg 1024w, https:\/\/www.apolinav.cl\/wp-content\/uploads\/2022\/05\/003-2-150x150.jpg 150w, https:\/\/www.apolinav.cl\/wp-content\/uploads\/2022\/05\/003-2-1536x1536.jpg 1536w, https:\/\/www.apolinav.cl\/wp-content\/uploads\/2022\/05\/003-2-2048x2048.jpg 2048w\" sizes=\"auto, (max-width: 300px) 100vw, 300px\" \/><\/a>\n\t\t\t<\/dt><\/dl><br style=\"clear: both\" \/><dl class='gallery-item'>\n\t\t\t<dt class='gallery-icon landscape'>\n\t\t\t\t<a href='https:\/\/www.apolinav.cl\/wp-content\/uploads\/2022\/05\/004-2.jpg'><img loading=\"lazy\" decoding=\"async\" width=\"300\" height=\"300\" src=\"https:\/\/www.apolinav.cl\/wp-content\/uploads\/2022\/05\/004-2-300x300.jpg\" class=\"attachment-medium size-medium\" alt=\"\" srcset=\"https:\/\/www.apolinav.cl\/wp-content\/uploads\/2022\/05\/004-2-300x300.jpg 300w, https:\/\/www.apolinav.cl\/wp-content\/uploads\/2022\/05\/004-2-1024x1024.jpg 1024w, https:\/\/www.apolinav.cl\/wp-content\/uploads\/2022\/05\/004-2-150x150.jpg 150w, https:\/\/www.apolinav.cl\/wp-content\/uploads\/2022\/05\/004-2-1536x1536.jpg 1536w, https:\/\/www.apolinav.cl\/wp-content\/uploads\/2022\/05\/004-2-2048x2048.jpg 2048w\" sizes=\"auto, (max-width: 300px) 100vw, 300px\" \/><\/a>\n\t\t\t<\/dt><\/dl><dl class='gallery-item'>\n\t\t\t<dt class='gallery-icon landscape'>\n\t\t\t\t<a href='https:\/\/www.apolinav.cl\/wp-content\/uploads\/2022\/05\/005-1.jpg'><img loading=\"lazy\" decoding=\"async\" width=\"300\" height=\"300\" src=\"https:\/\/www.apolinav.cl\/wp-content\/uploads\/2022\/05\/005-1-300x300.jpg\" class=\"attachment-medium size-medium\" alt=\"\" srcset=\"https:\/\/www.apolinav.cl\/wp-content\/uploads\/2022\/05\/005-1-300x300.jpg 300w, https:\/\/www.apolinav.cl\/wp-content\/uploads\/2022\/05\/005-1-1024x1024.jpg 1024w, https:\/\/www.apolinav.cl\/wp-content\/uploads\/2022\/05\/005-1-150x150.jpg 150w, https:\/\/www.apolinav.cl\/wp-content\/uploads\/2022\/05\/005-1-1536x1536.jpg 1536w, https:\/\/www.apolinav.cl\/wp-content\/uploads\/2022\/05\/005-1-2048x2048.jpg 2048w\" sizes=\"auto, (max-width: 300px) 100vw, 300px\" \/><\/a>\n\t\t\t<\/dt><\/dl><dl class='gallery-item'>\n\t\t\t<dt class='gallery-icon landscape'>\n\t\t\t\t<a href='https:\/\/www.apolinav.cl\/wp-content\/uploads\/2022\/05\/006-1.jpg'><img loading=\"lazy\" decoding=\"async\" width=\"300\" height=\"300\" src=\"https:\/\/www.apolinav.cl\/wp-content\/uploads\/2022\/05\/006-1-300x300.jpg\" class=\"attachment-medium size-medium\" alt=\"\" srcset=\"https:\/\/www.apolinav.cl\/wp-content\/uploads\/2022\/05\/006-1-300x300.jpg 300w, https:\/\/www.apolinav.cl\/wp-content\/uploads\/2022\/05\/006-1-1024x1024.jpg 1024w, https:\/\/www.apolinav.cl\/wp-content\/uploads\/2022\/05\/006-1-150x150.jpg 150w, https:\/\/www.apolinav.cl\/wp-content\/uploads\/2022\/05\/006-1-1536x1536.jpg 1536w, https:\/\/www.apolinav.cl\/wp-content\/uploads\/2022\/05\/006-1-2048x2048.jpg 2048w\" sizes=\"auto, (max-width: 300px) 100vw, 300px\" \/><\/a>\n\t\t\t<\/dt><\/dl><br style=\"clear: both\" \/>\n\t\t<\/div>\n\n","protected":false},"excerpt":{"rendered":"<p>Santiago. Este mi\u00e9rcoles 04 de mayo, el Director de la Academia Polit\u00e9cnica Naval, Capit\u00e1n de Nav\u00edo Fabi\u00e1n Gonz\u00e1lez, particip\u00f3 en el Seminario titulado \u201cLos efectos econ\u00f3micos y Log\u00edsticos de la guerra Rusia \u2013 Ucrania en Chile\u201d a ra\u00edz de una invitaci\u00f3n efectuada por la Academia Polit\u00e9cnica Militar, ACAPOMIL., como parte de la reactivaci\u00f3n de actividades [&hellip;]<\/p>\n","protected":false},"author":3,"featured_media":18946,"comment_status":"open","ping_status":"open","sticky":false,"template":"","format":"standard","meta":{"footnotes":""},"categories":[39],"tags":[],"class_list":["post-18945","post","type-post","status-publish","format-standard","has-post-thumbnail","hentry","category-noticias"],"_links":{"self":[{"href":"https:\/\/www.apolinav.cl\/index.php\/wp-json\/wp\/v2\/posts\/18945","targetHints":{"allow":["GET"]}}],"collection":[{"href":"https:\/\/www.apolinav.cl\/index.php\/wp-json\/wp\/v2\/posts"}],"about":[{"href":"https:\/\/www.apolinav.cl\/index.php\/wp-json\/wp\/v2\/types\/post"}],"author":[{"embeddable":true,"href":"https:\/\/www.apolinav.cl\/index.php\/wp-json\/wp\/v2\/users\/3"}],"replies":[{"embeddable":true,"href":"https:\/\/www.apolinav.cl\/index.php\/wp-json\/wp\/v2\/comments?post=18945"}],"version-history":[{"count":1,"href":"https:\/\/www.apolinav.cl\/index.php\/wp-json\/wp\/v2\/posts\/18945\/revisions"}],"predecessor-version":[{"id":18952,"href":"https:\/\/www.apolinav.cl\/index.php\/wp-json\/wp\/v2\/posts\/18945\/revisions\/18952"}],"wp:featuredmedia":[{"embeddable":true,"href":"https:\/\/www.apolinav.cl\/index.php\/wp-json\/wp\/v2\/media\/18946"}],"wp:attachment":[{"href":"https:\/\/www.apolinav.cl\/index.php\/wp-json\/wp\/v2\/media?parent=18945"}],"wp:term":[{"taxonomy":"category","embeddable":true,"href":"https:\/\/www.apolinav.cl\/index.php\/wp-json\/wp\/v2\/categories?post=18945"},{"taxonomy":"post_tag","embeddable":true,"href":"https:\/\/www.apolinav.cl\/index.php\/wp-json\/wp\/v2\/tags?post=18945"}],"curies":[{"name":"wp","href":"https:\/\/api.w.org\/{rel}","templated":true}]}}