{"id":18717,"date":"2022-04-13T14:39:36","date_gmt":"2022-04-13T18:39:36","guid":{"rendered":"https:\/\/www.apolinav.cl\/?p=18717"},"modified":"2022-04-18T14:41:14","modified_gmt":"2022-04-18T18:41:14","slug":"academia-politecnica-naval-participo-en-la-santa-misa-crismal-en-el-obispado-castrense","status":"publish","type":"post","link":"https:\/\/www.apolinav.cl\/index.php\/academia-politecnica-naval-participo-en-la-santa-misa-crismal-en-el-obispado-castrense\/","title":{"rendered":"ACADEMIA POLIT\u00c9CNICA NAVAL PARTICIP\u00d3 EN LA SANTA MISA CRISMAL EN EL OBISPADO CASTRENSE."},"content":{"rendered":"<p>Santiago. El mi\u00e9rcoles 13 de abril, el Subdirector Acad\u00e9mico de la Academia Polit\u00e9cnica Naval, Capit\u00e1n de Nav\u00edo Francisco Romero, junto a una delegaci\u00f3n de alumnos, asistieron a la Santa Misa Crismal en la Catedral Castrense, ubicada en la comuna de Providencia, ceremonia que se enmarca dentro de las actividades de Semana Santa.<\/p>\n<p>El Obispado Castrense de Chile invit\u00f3 a los representantes de las diferentes Escuelas Matrices y de Especialidades de las Fuerzas Armadas y Carabineros de Chile a vivir la Eucarist\u00eda que fue presidida por el Obispo Castrense Monse\u00f1or Pedro Ossand\u00f3n, acompa\u00f1ado por el Cuerpo de Capellanes de la zona, ocasi\u00f3n donde se efectu\u00f3 la renovaci\u00f3n de las promesas sacerdotales de nuestros Capellanes, la consagraci\u00f3n del Santo Crisma y la bendici\u00f3n del \u00d3leo de los catec\u00famenos y de los enfermos. Cabe destacar que estas acciones, se encontraba el Teniente Primero RL, Capell\u00e1n Jaime Mu\u00f1oz, qui\u00e9n realiza su trabajo pastoral en la Academia en beneficio principalmente del alumnado.<\/p>\n<p>En la Homil\u00eda, Monse\u00f1or Ossand\u00f3n, al dirigirse a los fieles presentes, se refiri\u00f3 a seguir apoyando a los Capellanes, alent\u00e1ndolos a seguir con el trabajo pastoral, agradeciendo la oraci\u00f3n y cercan\u00eda, esa cercan\u00eda que fortalece y la sabidur\u00eda para enfrentar estos tiempos que vivimos.<\/p>\n\n\t\t<style type=\"text\/css\">\n\t\t\t#gallery-1 {\n\t\t\t\tmargin: auto;\n\t\t\t}\n\t\t\t#gallery-1 .gallery-item {\n\t\t\t\tfloat: left;\n\t\t\t\tmargin-top: 10px;\n\t\t\t\ttext-align: center;\n\t\t\t\twidth: 33%;\n\t\t\t}\n\t\t\t#gallery-1 img {\n\t\t\t\tborder: 2px solid #cfcfcf;\n\t\t\t}\n\t\t\t#gallery-1 .gallery-caption {\n\t\t\t\tmargin-left: 0;\n\t\t\t}\n\t\t\t\/* see gallery_shortcode() in wp-includes\/media.php *\/\n\t\t<\/style>\n\t\t<div id='gallery-1' class='gallery galleryid-18717 gallery-columns-3 gallery-size-medium'><dl class='gallery-item'>\n\t\t\t<dt class='gallery-icon landscape'>\n\t\t\t\t<a href='https:\/\/www.apolinav.cl\/wp-content\/uploads\/2022\/04\/01-3.jpg'><img loading=\"lazy\" decoding=\"async\" width=\"300\" height=\"300\" src=\"https:\/\/www.apolinav.cl\/wp-content\/uploads\/2022\/04\/01-3-300x300.jpg\" class=\"attachment-medium size-medium\" alt=\"\" srcset=\"https:\/\/www.apolinav.cl\/wp-content\/uploads\/2022\/04\/01-3-300x300.jpg 300w, https:\/\/www.apolinav.cl\/wp-content\/uploads\/2022\/04\/01-3-1024x1024.jpg 1024w, https:\/\/www.apolinav.cl\/wp-content\/uploads\/2022\/04\/01-3-150x150.jpg 150w, https:\/\/www.apolinav.cl\/wp-content\/uploads\/2022\/04\/01-3-1536x1536.jpg 1536w, https:\/\/www.apolinav.cl\/wp-content\/uploads\/2022\/04\/01-3-2048x2048.jpg 2048w\" sizes=\"auto, (max-width: 300px) 100vw, 300px\" \/><\/a>\n\t\t\t<\/dt><\/dl><dl class='gallery-item'>\n\t\t\t<dt class='gallery-icon landscape'>\n\t\t\t\t<a href='https:\/\/www.apolinav.cl\/wp-content\/uploads\/2022\/04\/02-4.jpg'><img loading=\"lazy\" decoding=\"async\" width=\"300\" height=\"300\" src=\"https:\/\/www.apolinav.cl\/wp-content\/uploads\/2022\/04\/02-4-300x300.jpg\" class=\"attachment-medium size-medium\" alt=\"\" srcset=\"https:\/\/www.apolinav.cl\/wp-content\/uploads\/2022\/04\/02-4-300x300.jpg 300w, https:\/\/www.apolinav.cl\/wp-content\/uploads\/2022\/04\/02-4-1024x1024.jpg 1024w, https:\/\/www.apolinav.cl\/wp-content\/uploads\/2022\/04\/02-4-150x150.jpg 150w, https:\/\/www.apolinav.cl\/wp-content\/uploads\/2022\/04\/02-4-1536x1536.jpg 1536w, https:\/\/www.apolinav.cl\/wp-content\/uploads\/2022\/04\/02-4-2048x2048.jpg 2048w\" sizes=\"auto, (max-width: 300px) 100vw, 300px\" \/><\/a>\n\t\t\t<\/dt><\/dl><dl class='gallery-item'>\n\t\t\t<dt class='gallery-icon landscape'>\n\t\t\t\t<a href='https:\/\/www.apolinav.cl\/wp-content\/uploads\/2022\/04\/03-3.jpg'><img loading=\"lazy\" decoding=\"async\" width=\"300\" height=\"300\" src=\"https:\/\/www.apolinav.cl\/wp-content\/uploads\/2022\/04\/03-3-300x300.jpg\" class=\"attachment-medium size-medium\" alt=\"\" srcset=\"https:\/\/www.apolinav.cl\/wp-content\/uploads\/2022\/04\/03-3-300x300.jpg 300w, https:\/\/www.apolinav.cl\/wp-content\/uploads\/2022\/04\/03-3-1024x1024.jpg 1024w, https:\/\/www.apolinav.cl\/wp-content\/uploads\/2022\/04\/03-3-150x150.jpg 150w, https:\/\/www.apolinav.cl\/wp-content\/uploads\/2022\/04\/03-3-1536x1536.jpg 1536w, https:\/\/www.apolinav.cl\/wp-content\/uploads\/2022\/04\/03-3-2048x2048.jpg 2048w\" sizes=\"auto, (max-width: 300px) 100vw, 300px\" \/><\/a>\n\t\t\t<\/dt><\/dl><br style=\"clear: both\" \/><dl class='gallery-item'>\n\t\t\t<dt class='gallery-icon landscape'>\n\t\t\t\t<a href='https:\/\/www.apolinav.cl\/wp-content\/uploads\/2022\/04\/04-4.jpg'><img loading=\"lazy\" decoding=\"async\" width=\"300\" height=\"300\" src=\"https:\/\/www.apolinav.cl\/wp-content\/uploads\/2022\/04\/04-4-300x300.jpg\" class=\"attachment-medium size-medium\" alt=\"\" srcset=\"https:\/\/www.apolinav.cl\/wp-content\/uploads\/2022\/04\/04-4-300x300.jpg 300w, https:\/\/www.apolinav.cl\/wp-content\/uploads\/2022\/04\/04-4-1024x1024.jpg 1024w, https:\/\/www.apolinav.cl\/wp-content\/uploads\/2022\/04\/04-4-150x150.jpg 150w, https:\/\/www.apolinav.cl\/wp-content\/uploads\/2022\/04\/04-4-1536x1536.jpg 1536w, https:\/\/www.apolinav.cl\/wp-content\/uploads\/2022\/04\/04-4-2048x2048.jpg 2048w\" sizes=\"auto, (max-width: 300px) 100vw, 300px\" \/><\/a>\n\t\t\t<\/dt><\/dl>\n\t\t\t<br style='clear: both' \/>\n\t\t<\/div>\n\n","protected":false},"excerpt":{"rendered":"<p>Santiago. El mi\u00e9rcoles 13 de abril, el Subdirector Acad\u00e9mico de la Academia Polit\u00e9cnica Naval, Capit\u00e1n de Nav\u00edo Francisco Romero, junto a una delegaci\u00f3n de alumnos, asistieron a la Santa Misa Crismal en la Catedral Castrense, ubicada en la comuna de Providencia, ceremonia que se enmarca dentro de las actividades de Semana Santa. El Obispado Castrense [&hellip;]<\/p>\n","protected":false},"author":3,"featured_media":18718,"comment_status":"open","ping_status":"open","sticky":false,"template":"","format":"standard","meta":{"footnotes":""},"categories":[39],"tags":[],"class_list":["post-18717","post","type-post","status-publish","format-standard","has-post-thumbnail","hentry","category-noticias"],"_links":{"self":[{"href":"https:\/\/www.apolinav.cl\/index.php\/wp-json\/wp\/v2\/posts\/18717","targetHints":{"allow":["GET"]}}],"collection":[{"href":"https:\/\/www.apolinav.cl\/index.php\/wp-json\/wp\/v2\/posts"}],"about":[{"href":"https:\/\/www.apolinav.cl\/index.php\/wp-json\/wp\/v2\/types\/post"}],"author":[{"embeddable":true,"href":"https:\/\/www.apolinav.cl\/index.php\/wp-json\/wp\/v2\/users\/3"}],"replies":[{"embeddable":true,"href":"https:\/\/www.apolinav.cl\/index.php\/wp-json\/wp\/v2\/comments?post=18717"}],"version-history":[{"count":1,"href":"https:\/\/www.apolinav.cl\/index.php\/wp-json\/wp\/v2\/posts\/18717\/revisions"}],"predecessor-version":[{"id":18722,"href":"https:\/\/www.apolinav.cl\/index.php\/wp-json\/wp\/v2\/posts\/18717\/revisions\/18722"}],"wp:featuredmedia":[{"embeddable":true,"href":"https:\/\/www.apolinav.cl\/index.php\/wp-json\/wp\/v2\/media\/18718"}],"wp:attachment":[{"href":"https:\/\/www.apolinav.cl\/index.php\/wp-json\/wp\/v2\/media?parent=18717"}],"wp:term":[{"taxonomy":"category","embeddable":true,"href":"https:\/\/www.apolinav.cl\/index.php\/wp-json\/wp\/v2\/categories?post=18717"},{"taxonomy":"post_tag","embeddable":true,"href":"https:\/\/www.apolinav.cl\/index.php\/wp-json\/wp\/v2\/tags?post=18717"}],"curies":[{"name":"wp","href":"https:\/\/api.w.org\/{rel}","templated":true}]}}